{"id":28946,"date":"2026-09-04T23:57:38","date_gmt":"2026-09-05T05:57:38","guid":{"rendered":"https:\/\/vocerodelpueblo.com\/?p=28946"},"modified":"2026-09-04T23:57:38","modified_gmt":"2026-09-05T05:57:38","slug":"correcaminos-uat-abre-temporada-onefa-2026-en-casa-ante-leones-anahuac-queretaro","status":"publish","type":"post","link":"https:\/\/vocerodelpueblo.com\/?p=28946","title":{"rendered":"Correcaminos UAT abre temporada ONEFA 2026 en casa ante Leones An\u00e1huac Quer\u00e9taro"},"content":{"rendered":"\n<p class=\"has-medium-font-size wp-block-paragraph\">Los Correcaminos de la Universidad Aut\u00f3noma de Tamaulipas regresan al emparrillado del Estadio Universitario \u201cProf. Eugenio Alvizo Porras\u201d para inaugurar la Temporada 2026 de la Liga Mayor de la ONEFA, Conferencia Nacional, cuando reciban este s\u00e1bado 5 de septiembre a las 16:00 horas a los Leones de la Universidad An\u00e1huac Quer\u00e9taro.<\/p>\n\n\n\n<p class=\"has-medium-font-size wp-block-paragraph\">Ser\u00e1 el arranque del grupo, integrado adem\u00e1s por Tecos UAG, Cardinals UIW Baj\u00edo, Lobos ULM Celaya y Red Wolves ASU Quer\u00e9taro. En 2026, la Conferencia Nacional est\u00e1 conformada por tres grupos y avanzar\u00e1n a postemporada ocho equipos: los l\u00edderes y subl\u00edderes de cada sector m\u00e1s los dos mejores terceros lugares, con la recompensa de ascender a los 14 Grandes.<\/p>\n\n\n\n<p class=\"has-medium-font-size wp-block-paragraph\">Correcaminos UAT, bajo la direcci\u00f3n del Head Coach Guillermo Fierro Mena, busca dejar atr\u00e1s la complicada campa\u00f1a 2025 donde termin\u00f3 con marca de 0-6 en el Grupo Norte, y volver a ser protagonista como en 2017 y 2018 cuando se coron\u00f3 Campe\u00f3n de la Conferencia Roja. El equipo naranja llega con una base renovada y la motivaci\u00f3n de iniciar en casa ante su afici\u00f3n.<\/p>\n\n\n\n<p class=\"has-medium-font-size wp-block-paragraph\">Enfrente estar\u00e1 un rival con aspiraciones de campeonato. Los Leones An\u00e1huac Quer\u00e9taro, dirigidos por el HC Miguel \u00c1ngel Estrada Vel\u00e1zquez, se presentan como el \u00fanico representante de la zona metropolitana de Quer\u00e9taro en Liga Mayor. Con un roster de 70 jugadores, 11 seniors y una generaci\u00f3n invicta de Intermedia, los queretanos hicieron oficial su objetivo de alcanzar los playoffs.<\/p>\n\n\n\n<p class=\"has-medium-font-size wp-block-paragraph\">El duelo marca adem\u00e1s un choque de programas universitarios que apuestan por el modelo de estudiante-atleta, combinando alto rendimiento deportivo con formaci\u00f3n acad\u00e9mica integral.<\/p>\n\n\n\n<p class=\"has-medium-font-size wp-block-paragraph\">PARTIDO INAUGURAL:<\/p>\n\n\n\n<p class=\"has-medium-font-size wp-block-paragraph\">Correcaminos UAT vs Leones An\u00e1huac Quer\u00e9taro S\u00e1bado 5 de septiembre 16:00 hrs. Estadio Universitario \u201cProf. Eugenio Alvizo Porras\u201d, Centro Universitario Victoria, entrada libre.<\/p>\n\n\n\n<figure class=\"wp-block-gallery has-nested-images columns-default is-cropped wp-block-gallery-1 is-layout-flex wp-block-gallery-is-layout-flex\">\n<figure class=\"wp-block-image size-full\"><img loading=\"lazy\" decoding=\"async\" width=\"1440\" height=\"960\" data-id=\"28947\" src=\"https:\/\/vocerodelpueblo.com\/wp-content\/uploads\/2026\/09\/2-48.jpeg\" alt=\"\" class=\"wp-image-28947\" srcset=\"https:\/\/vocerodelpueblo.com\/wp-content\/uploads\/2026\/09\/2-48.jpeg 1440w, https:\/\/vocerodelpueblo.com\/wp-content\/uploads\/2026\/09\/2-48-350x233.jpeg 350w, https:\/\/vocerodelpueblo.com\/wp-content\/uploads\/2026\/09\/2-48-632x421.jpeg 632w\" sizes=\"auto, (max-width: 1440px) 100vw, 1440px\" \/><\/figure>\n\n\n\n<figure class=\"wp-block-image size-full\"><img loading=\"lazy\" decoding=\"async\" width=\"1440\" height=\"960\" data-id=\"28948\" src=\"https:\/\/vocerodelpueblo.com\/wp-content\/uploads\/2026\/09\/1-46.jpeg\" alt=\"\" class=\"wp-image-28948\" srcset=\"https:\/\/vocerodelpueblo.com\/wp-content\/uploads\/2026\/09\/1-46.jpeg 1440w, https:\/\/vocerodelpueblo.com\/wp-content\/uploads\/2026\/09\/1-46-350x233.jpeg 350w, https:\/\/vocerodelpueblo.com\/wp-content\/uploads\/2026\/09\/1-46-632x421.jpeg 632w\" sizes=\"auto, (max-width: 1440px) 100vw, 1440px\" \/><\/figure>\n<\/figure>\n","protected":false},"excerpt":{"rendered":"<p>Los Correcaminos de la Universidad Aut\u00f3noma de Tamaulipas regresan al emparrillado del Estadio Universitario \u201cProf. Eugenio Alvizo Porras\u201d para inaugurar la Temporada 2026 de la Liga Mayor de la ONEFA, Conferencia Nacional, cuando reciban este s\u00e1bado 5 de septiembre a las 16:00 horas a los Leones de la Universidad An\u00e1huac Quer\u00e9taro. Ser\u00e1 el arranque del [&hellip;]<\/p>\n","protected":false},"author":2,"featured_media":28948,"comment_status":"closed","ping_status":"","sticky":false,"template":"","format":"standard","meta":{"footnotes":""},"categories":[14],"tags":[],"class_list":["post-28946","post","type-post","status-publish","format-standard","has-post-thumbnail","hentry","category-uat"],"_links":{"self":[{"href":"https:\/\/vocerodelpueblo.com\/index.php?rest_route=\/wp\/v2\/posts\/28946","targetHints":{"allow":["GET"]}}],"collection":[{"href":"https:\/\/vocerodelpueblo.com\/index.php?rest_route=\/wp\/v2\/posts"}],"about":[{"href":"https:\/\/vocerodelpueblo.com\/index.php?rest_route=\/wp\/v2\/types\/post"}],"author":[{"embeddable":true,"href":"https:\/\/vocerodelpueblo.com\/index.php?rest_route=\/wp\/v2\/users\/2"}],"replies":[{"embeddable":true,"href":"https:\/\/vocerodelpueblo.com\/index.php?rest_route=%2Fwp%2Fv2%2Fcomments&post=28946"}],"version-history":[{"count":1,"href":"https:\/\/vocerodelpueblo.com\/index.php?rest_route=\/wp\/v2\/posts\/28946\/revisions"}],"predecessor-version":[{"id":28949,"href":"https:\/\/vocerodelpueblo.com\/index.php?rest_route=\/wp\/v2\/posts\/28946\/revisions\/28949"}],"wp:featuredmedia":[{"embeddable":true,"href":"https:\/\/vocerodelpueblo.com\/index.php?rest_route=\/wp\/v2\/media\/28948"}],"wp:attachment":[{"href":"https:\/\/vocerodelpueblo.com\/index.php?rest_route=%2Fwp%2Fv2%2Fmedia&parent=28946"}],"wp:term":[{"taxonomy":"category","embeddable":true,"href":"https:\/\/vocerodelpueblo.com\/index.php?rest_route=%2Fwp%2Fv2%2Fcategories&post=28946"},{"taxonomy":"post_tag","embeddable":true,"href":"https:\/\/vocerodelpueblo.com\/index.php?rest_route=%2Fwp%2Fv2%2Ftags&post=28946"}],"curies":[{"name":"wp","href":"https:\/\/api.w.org\/{rel}","templated":true}]}}