{"id":28968,"date":"2026-09-04T12:49:49","date_gmt":"2026-09-04T18:49:49","guid":{"rendered":"https:\/\/vocerodelpueblo.com\/?p=28968"},"modified":"2026-09-05T12:50:51","modified_gmt":"2026-09-05T18:50:51","slug":"avanza-comapa-sur-en-reparacion-de-linea-general-de-drenaje-en-la-colonia-unidad-nacional","status":"publish","type":"post","link":"https:\/\/vocerodelpueblo.com\/?p=28968","title":{"rendered":"Avanza COMAPA SUR en reparaci\u00f3n de l\u00ednea general de drenaje en la colonia Unidad Nacional"},"content":{"rendered":"\n<p class=\"has-medium-font-size wp-block-paragraph\">COMAPA SUR mantiene los trabajos de reparaci\u00f3n de la l\u00ednea general de drenaje de 12 pulgadas ubicada sobre la calle 16 de Septiembre, en la colonia Unidad Nacional, en Ciudad Madero, como parte de las acciones permanentes para fortalecer y mejorar la infraestructura hidrosanitaria.<\/p>\n\n\n\n<p class=\"has-medium-font-size wp-block-paragraph\">A la fecha, la obra registra un avance de 45 metros lineales de un total de 75, lo que representa un progreso significativo en la rehabilitaci\u00f3n de esta l\u00ednea, cuya intervenci\u00f3n permitir\u00e1 mejorar las condiciones de operaci\u00f3n de la red de drenaje sanitario en este sector.<\/p>\n\n\n\n<p class=\"has-medium-font-size wp-block-paragraph\">Estos trabajos contribuir\u00e1n a optimizar el funcionamiento de la infraestructura, reducir riesgos de obstrucciones y encharcamientos derivados de fallas en la red, as\u00ed como brindar un servicio de drenaje m\u00e1s eficiente y confiable para las familias que habitan en la zona.<\/p>\n\n\n\n<p class=\"has-medium-font-size wp-block-paragraph\">Las acciones se desarrollan en coordinaci\u00f3n con el Ayuntamiento de Ciudad Madero, fortaleciendo la suma de esfuerzos entre las instituciones para atender de manera oportuna las necesidades de infraestructura y generar mejores condiciones de bienestar para la poblaci\u00f3n.<\/p>\n\n\n\n<p class=\"has-medium-font-size wp-block-paragraph\">Como parte de esta estrategia de mantenimiento y rehabilitaci\u00f3n, la actual administraci\u00f3n ha renovado m\u00e1s de 70 kil\u00f3metros de tuber\u00eda, resultado de las acciones emprendidas para conservar y modernizar la infraestructura hidrosanitaria, mejorar la prestaci\u00f3n de los servicios y atender de manera preventiva y correctiva las necesidades de la zona conurbada.<\/p>\n\n\n\n<figure class=\"wp-block-gallery has-nested-images columns-default is-cropped wp-block-gallery-1 is-layout-flex wp-block-gallery-is-layout-flex\">\n<figure class=\"wp-block-image size-full\"><img loading=\"lazy\" decoding=\"async\" width=\"1600\" height=\"1200\" data-id=\"28969\" src=\"https:\/\/vocerodelpueblo.com\/wp-content\/uploads\/2026\/09\/WhatsApp-Image-2026-09-04-at-4.02.13-PM-1.jpeg\" alt=\"\" class=\"wp-image-28969\" srcset=\"https:\/\/vocerodelpueblo.com\/wp-content\/uploads\/2026\/09\/WhatsApp-Image-2026-09-04-at-4.02.13-PM-1.jpeg 1600w, https:\/\/vocerodelpueblo.com\/wp-content\/uploads\/2026\/09\/WhatsApp-Image-2026-09-04-at-4.02.13-PM-1-350x263.jpeg 350w, https:\/\/vocerodelpueblo.com\/wp-content\/uploads\/2026\/09\/WhatsApp-Image-2026-09-04-at-4.02.13-PM-1-561x421.jpeg 561w, https:\/\/vocerodelpueblo.com\/wp-content\/uploads\/2026\/09\/WhatsApp-Image-2026-09-04-at-4.02.13-PM-1-1536x1152.jpeg 1536w\" sizes=\"auto, (max-width: 1600px) 100vw, 1600px\" \/><\/figure>\n\n\n\n<figure class=\"wp-block-image size-full\"><img loading=\"lazy\" decoding=\"async\" width=\"1600\" height=\"1200\" data-id=\"28970\" src=\"https:\/\/vocerodelpueblo.com\/wp-content\/uploads\/2026\/09\/WhatsApp-Image-2026-09-04-at-4.02.13-PM.jpeg\" alt=\"\" class=\"wp-image-28970\" srcset=\"https:\/\/vocerodelpueblo.com\/wp-content\/uploads\/2026\/09\/WhatsApp-Image-2026-09-04-at-4.02.13-PM.jpeg 1600w, https:\/\/vocerodelpueblo.com\/wp-content\/uploads\/2026\/09\/WhatsApp-Image-2026-09-04-at-4.02.13-PM-350x263.jpeg 350w, https:\/\/vocerodelpueblo.com\/wp-content\/uploads\/2026\/09\/WhatsApp-Image-2026-09-04-at-4.02.13-PM-561x421.jpeg 561w, https:\/\/vocerodelpueblo.com\/wp-content\/uploads\/2026\/09\/WhatsApp-Image-2026-09-04-at-4.02.13-PM-1536x1152.jpeg 1536w\" sizes=\"auto, (max-width: 1600px) 100vw, 1600px\" \/><\/figure>\n\n\n\n<figure class=\"wp-block-image size-full\"><img loading=\"lazy\" decoding=\"async\" width=\"1600\" height=\"1200\" data-id=\"28971\" src=\"https:\/\/vocerodelpueblo.com\/wp-content\/uploads\/2026\/09\/WhatsApp-Image-2026-09-04-at-4.02.12-PM.jpeg\" alt=\"\" class=\"wp-image-28971\" srcset=\"https:\/\/vocerodelpueblo.com\/wp-content\/uploads\/2026\/09\/WhatsApp-Image-2026-09-04-at-4.02.12-PM.jpeg 1600w, https:\/\/vocerodelpueblo.com\/wp-content\/uploads\/2026\/09\/WhatsApp-Image-2026-09-04-at-4.02.12-PM-350x263.jpeg 350w, https:\/\/vocerodelpueblo.com\/wp-content\/uploads\/2026\/09\/WhatsApp-Image-2026-09-04-at-4.02.12-PM-561x421.jpeg 561w, https:\/\/vocerodelpueblo.com\/wp-content\/uploads\/2026\/09\/WhatsApp-Image-2026-09-04-at-4.02.12-PM-1536x1152.jpeg 1536w\" sizes=\"auto, (max-width: 1600px) 100vw, 1600px\" \/><\/figure>\n<\/figure>\n","protected":false},"excerpt":{"rendered":"<p>COMAPA SUR mantiene los trabajos de reparaci\u00f3n de la l\u00ednea general de drenaje de 12 pulgadas ubicada sobre la calle 16 de Septiembre, en la colonia Unidad Nacional, en Ciudad Madero, como parte de las acciones permanentes para fortalecer y mejorar la infraestructura hidrosanitaria. A la fecha, la obra registra un avance de 45 metros [&hellip;]<\/p>\n","protected":false},"author":2,"featured_media":28970,"comment_status":"closed","ping_status":"closed","sticky":false,"template":"","format":"standard","meta":{"footnotes":""},"categories":[2],"tags":[],"class_list":["post-28968","post","type-post","status-publish","format-standard","has-post-thumbnail","hentry","category-zonaconurbada"],"_links":{"self":[{"href":"https:\/\/vocerodelpueblo.com\/index.php?rest_route=\/wp\/v2\/posts\/28968","targetHints":{"allow":["GET"]}}],"collection":[{"href":"https:\/\/vocerodelpueblo.com\/index.php?rest_route=\/wp\/v2\/posts"}],"about":[{"href":"https:\/\/vocerodelpueblo.com\/index.php?rest_route=\/wp\/v2\/types\/post"}],"author":[{"embeddable":true,"href":"https:\/\/vocerodelpueblo.com\/index.php?rest_route=\/wp\/v2\/users\/2"}],"replies":[{"embeddable":true,"href":"https:\/\/vocerodelpueblo.com\/index.php?rest_route=%2Fwp%2Fv2%2Fcomments&post=28968"}],"version-history":[{"count":1,"href":"https:\/\/vocerodelpueblo.com\/index.php?rest_route=\/wp\/v2\/posts\/28968\/revisions"}],"predecessor-version":[{"id":28972,"href":"https:\/\/vocerodelpueblo.com\/index.php?rest_route=\/wp\/v2\/posts\/28968\/revisions\/28972"}],"wp:featuredmedia":[{"embeddable":true,"href":"https:\/\/vocerodelpueblo.com\/index.php?rest_route=\/wp\/v2\/media\/28970"}],"wp:attachment":[{"href":"https:\/\/vocerodelpueblo.com\/index.php?rest_route=%2Fwp%2Fv2%2Fmedia&parent=28968"}],"wp:term":[{"taxonomy":"category","embeddable":true,"href":"https:\/\/vocerodelpueblo.com\/index.php?rest_route=%2Fwp%2Fv2%2Fcategories&post=28968"},{"taxonomy":"post_tag","embeddable":true,"href":"https:\/\/vocerodelpueblo.com\/index.php?rest_route=%2Fwp%2Fv2%2Ftags&post=28968"}],"curies":[{"name":"wp","href":"https:\/\/api.w.org\/{rel}","templated":true}]}}