{"id":28985,"date":"2026-09-01T13:12:45","date_gmt":"2026-09-01T19:12:45","guid":{"rendered":"https:\/\/vocerodelpueblo.com\/?p=28985"},"modified":"2026-09-05T13:14:32","modified_gmt":"2026-09-05T19:14:32","slug":"asistira-americo-a-los-informes-de-las-y-los-alcaldes-de-tamaulipas","status":"publish","type":"post","link":"https:\/\/vocerodelpueblo.com\/?p=28985","title":{"rendered":"Asistir\u00e1 Am\u00e9rico a los informes de las y los alcaldes de Tamaulipas"},"content":{"rendered":"\n<p class=\"has-medium-font-size wp-block-paragraph\">-Recorrer\u00e1 el estado, en un ejercicio in\u00e9dito que iniciar\u00e1 en la frontera<\/p>\n\n\n\n<p class=\"has-medium-font-size wp-block-paragraph\">Septiembre 01 de 2026<\/p>\n\n\n\n<p class=\"has-medium-font-size wp-block-paragraph\">Ciudad Victoria, Tamaulipas.- A partir de este jueves 3 de septiembre, el gobernador de Tamaulipas, Am\u00e9rico Villarreal Anaya, realizar\u00e1 un recorrido por el estado con el prop\u00f3sito de acompa\u00f1ar a las y los presidentes municipales durante la rendici\u00f3n del segundo informe de gobierno al frente de sus respectivos ayuntamientos.<\/p>\n\n\n\n<p class=\"has-medium-font-size wp-block-paragraph\">En un hecho in\u00e9dito, luego de varias administraciones, Am\u00e9rico Villarreal ser\u00e1 el primer mandatario estatal que asiste a los informes municipales, iniciando su gira de trabajo el jueves 3 de septiembre en la frontera norte del estado.<\/p>\n\n\n\n<p class=\"has-medium-font-size wp-block-paragraph\">Al mediod\u00eda, estar\u00e1 presente en el informe de la presidenta municipal de Nueva Ciudad Guerrero, Laura Ver\u00f3nica Pe\u00f1a Mart\u00ednez, y por la tarde asistir\u00e1 al informe de Carmen Lilia Canturosas Villarreal, presidenta municipal de Nuevo Laredo.<\/p>\n\n\n\n<p class=\"has-medium-font-size wp-block-paragraph\">\u201cCon los ayuntamientos tenemos comunicaci\u00f3n permanente; las y los presidentes municipales han tenido y tienen en mi gobierno el mejor aliado para la consecuci\u00f3n de las leg\u00edtimas aspiraciones de las mujeres y los hombres que habitan los 43 municipios de Tamaulipas\u201d, expres\u00f3 el gobernador al referirse a la relaci\u00f3n que mantiene con alcaldes y alcaldesas y su compromiso por trabajar de manera coordinada para generar acciones que sigan impulsando el desarrollo y bienestar de las y los tamaulipecos.<\/p>\n\n\n\n<p class=\"has-medium-font-size wp-block-paragraph\">Destac\u00f3 que es en los municipios donde aterrizan los proyectos estrat\u00e9gicos del Gobierno del Estado y su gesti\u00f3n humanista, y se hacen realidad todas las pol\u00edticas p\u00fablicas en favor de las familias tamaulipecas.<\/p>\n\n\n\n<p class=\"has-medium-font-size wp-block-paragraph\">El recorrido del gobernador continuar\u00e1 hasta los \u00faltimos d\u00edas del mes de septiembre, asistiendo a dos informes diariamente en las diferentes regiones del estado.<\/p>\n","protected":false},"excerpt":{"rendered":"<p>-Recorrer\u00e1 el estado, en un ejercicio in\u00e9dito que iniciar\u00e1 en la frontera Septiembre 01 de 2026 Ciudad Victoria, Tamaulipas.- A partir de este jueves 3 de septiembre, el gobernador de Tamaulipas, Am\u00e9rico Villarreal Anaya, realizar\u00e1 un recorrido por el estado con el prop\u00f3sito de acompa\u00f1ar a las y los presidentes municipales durante la rendici\u00f3n del [&hellip;]<\/p>\n","protected":false},"author":2,"featured_media":28986,"comment_status":"closed","ping_status":"closed","sticky":false,"template":"","format":"standard","meta":{"footnotes":""},"categories":[1],"tags":[],"class_list":["post-28985","post","type-post","status-publish","format-standard","has-post-thumbnail","hentry","category-estatales"],"_links":{"self":[{"href":"https:\/\/vocerodelpueblo.com\/index.php?rest_route=\/wp\/v2\/posts\/28985","targetHints":{"allow":["GET"]}}],"collection":[{"href":"https:\/\/vocerodelpueblo.com\/index.php?rest_route=\/wp\/v2\/posts"}],"about":[{"href":"https:\/\/vocerodelpueblo.com\/index.php?rest_route=\/wp\/v2\/types\/post"}],"author":[{"embeddable":true,"href":"https:\/\/vocerodelpueblo.com\/index.php?rest_route=\/wp\/v2\/users\/2"}],"replies":[{"embeddable":true,"href":"https:\/\/vocerodelpueblo.com\/index.php?rest_route=%2Fwp%2Fv2%2Fcomments&post=28985"}],"version-history":[{"count":1,"href":"https:\/\/vocerodelpueblo.com\/index.php?rest_route=\/wp\/v2\/posts\/28985\/revisions"}],"predecessor-version":[{"id":28987,"href":"https:\/\/vocerodelpueblo.com\/index.php?rest_route=\/wp\/v2\/posts\/28985\/revisions\/28987"}],"wp:featuredmedia":[{"embeddable":true,"href":"https:\/\/vocerodelpueblo.com\/index.php?rest_route=\/wp\/v2\/media\/28986"}],"wp:attachment":[{"href":"https:\/\/vocerodelpueblo.com\/index.php?rest_route=%2Fwp%2Fv2%2Fmedia&parent=28985"}],"wp:term":[{"taxonomy":"category","embeddable":true,"href":"https:\/\/vocerodelpueblo.com\/index.php?rest_route=%2Fwp%2Fv2%2Fcategories&post=28985"},{"taxonomy":"post_tag","embeddable":true,"href":"https:\/\/vocerodelpueblo.com\/index.php?rest_route=%2Fwp%2Fv2%2Ftags&post=28985"}],"curies":[{"name":"wp","href":"https:\/\/api.w.org\/{rel}","templated":true}]}}