{"id":28988,"date":"2026-09-02T13:16:28","date_gmt":"2026-09-02T19:16:28","guid":{"rendered":"https:\/\/vocerodelpueblo.com\/?p=28988"},"modified":"2026-09-05T13:17:58","modified_gmt":"2026-09-05T19:17:58","slug":"fortalece-tamaulipas-su-politica-para-las-mujeres-con-la-creacion-de-la-secretaria-de-las-mujeres","status":"publish","type":"post","link":"https:\/\/vocerodelpueblo.com\/?p=28988","title":{"rendered":"Fortalece Tamaulipas su pol\u00edtica para las mujeres con la creaci\u00f3n de la Secretar\u00eda de las Mujeres"},"content":{"rendered":"\n<p class=\"has-medium-font-size wp-block-paragraph\">Septiembre 02 de 2026<\/p>\n\n\n\n<p class=\"has-medium-font-size wp-block-paragraph\">Ciudad Victoria, Tamaulipas.- Tamaulipas da un paso m\u00e1s para fortalecer las pol\u00edticas p\u00fablicas dirigidas a las mujeres con la creaci\u00f3n de la Secretar\u00eda de las Mujeres. Esta iniciativa, impulsada por el gobernador Am\u00e9rico Villarreal Anaya, entrar\u00e1 en funciones este 3 de septiembre, inform\u00f3 Marcia Benavides, titular de la Secretar\u00eda de las Mujeres en Tamaulipas.<\/p>\n\n\n\n<p class=\"has-medium-font-size wp-block-paragraph\">Destac\u00f3 que este cambio permitir\u00e1 contar con una instituci\u00f3n con mayor capacidad de coordinaci\u00f3n dentro del gobierno y mayor presencia en el territorio, para fortalecer el trabajo que ya se desarrolla cerca de las mujeres.<\/p>\n\n\n\n<p class=\"has-medium-font-size wp-block-paragraph\">La secretar\u00eda tendr\u00e1 entre sus principales tareas impulsar la igualdad sustantiva entre mujeres y hombres, as\u00ed como promover la prevenci\u00f3n y atenci\u00f3n integral de las violencias contra las mujeres.<\/p>\n\n\n\n<p class=\"has-medium-font-size wp-block-paragraph\">Asimismo, contribuir\u00e1 a dar mayor alcance a las pol\u00edticas p\u00fablicas con perspectiva de g\u00e9nero, programas y acciones que atiendan las necesidades de las mujeres en cada regi\u00f3n de Tamaulipas, agreg\u00f3.<\/p>\n\n\n\n<p class=\"has-medium-font-size wp-block-paragraph\">Precis\u00f3 que este proceso responde al marco jur\u00eddico nacional e internacional que reconoce los derechos de las mujeres y establece la responsabilidad de los gobiernos de promover la igualdad y garantizar una vida libre de violencias.<\/p>\n\n\n\n<p class=\"has-medium-font-size wp-block-paragraph\">Finalmente, Benavides Villafranca destac\u00f3 que, con esta transformaci\u00f3n, el Gobierno de Tamaulipas refrenda su compromiso de seguir trabajando por la igualdad, proteger los derechos de las mujeres y contribuir a una vida libre de violencias.<\/p>\n","protected":false},"excerpt":{"rendered":"<p>Septiembre 02 de 2026 Ciudad Victoria, Tamaulipas.- Tamaulipas da un paso m\u00e1s para fortalecer las pol\u00edticas p\u00fablicas dirigidas a las mujeres con la creaci\u00f3n de la Secretar\u00eda de las Mujeres. Esta iniciativa, impulsada por el gobernador Am\u00e9rico Villarreal Anaya, entrar\u00e1 en funciones este 3 de septiembre, inform\u00f3 Marcia Benavides, titular de la Secretar\u00eda de las [&hellip;]<\/p>\n","protected":false},"author":2,"featured_media":28989,"comment_status":"closed","ping_status":"closed","sticky":false,"template":"","format":"standard","meta":{"footnotes":""},"categories":[1],"tags":[],"class_list":["post-28988","post","type-post","status-publish","format-standard","has-post-thumbnail","hentry","category-estatales"],"_links":{"self":[{"href":"https:\/\/vocerodelpueblo.com\/index.php?rest_route=\/wp\/v2\/posts\/28988","targetHints":{"allow":["GET"]}}],"collection":[{"href":"https:\/\/vocerodelpueblo.com\/index.php?rest_route=\/wp\/v2\/posts"}],"about":[{"href":"https:\/\/vocerodelpueblo.com\/index.php?rest_route=\/wp\/v2\/types\/post"}],"author":[{"embeddable":true,"href":"https:\/\/vocerodelpueblo.com\/index.php?rest_route=\/wp\/v2\/users\/2"}],"replies":[{"embeddable":true,"href":"https:\/\/vocerodelpueblo.com\/index.php?rest_route=%2Fwp%2Fv2%2Fcomments&post=28988"}],"version-history":[{"count":1,"href":"https:\/\/vocerodelpueblo.com\/index.php?rest_route=\/wp\/v2\/posts\/28988\/revisions"}],"predecessor-version":[{"id":28990,"href":"https:\/\/vocerodelpueblo.com\/index.php?rest_route=\/wp\/v2\/posts\/28988\/revisions\/28990"}],"wp:featuredmedia":[{"embeddable":true,"href":"https:\/\/vocerodelpueblo.com\/index.php?rest_route=\/wp\/v2\/media\/28989"}],"wp:attachment":[{"href":"https:\/\/vocerodelpueblo.com\/index.php?rest_route=%2Fwp%2Fv2%2Fmedia&parent=28988"}],"wp:term":[{"taxonomy":"category","embeddable":true,"href":"https:\/\/vocerodelpueblo.com\/index.php?rest_route=%2Fwp%2Fv2%2Fcategories&post=28988"},{"taxonomy":"post_tag","embeddable":true,"href":"https:\/\/vocerodelpueblo.com\/index.php?rest_route=%2Fwp%2Fv2%2Ftags&post=28988"}],"curies":[{"name":"wp","href":"https:\/\/api.w.org\/{rel}","templated":true}]}}