{"id":29009,"date":"2026-09-03T13:30:14","date_gmt":"2026-09-03T19:30:14","guid":{"rendered":"https:\/\/vocerodelpueblo.com\/?p=29009"},"modified":"2026-09-05T13:32:56","modified_gmt":"2026-09-05T19:32:56","slug":"destaca-americo-inversion-y-bienestar-para-fortalecer-liderazgo-de-nuevo-laredo","status":"publish","type":"post","link":"https:\/\/vocerodelpueblo.com\/?p=29009","title":{"rendered":"Destaca Am\u00e9rico inversi\u00f3n y bienestar para fortalecer liderazgo de Nuevo Laredo"},"content":{"rendered":"\n<p class=\"has-medium-font-size wp-block-paragraph\">-El gobernador asisti\u00f3 al Segundo Informe de la alcaldesa Carmen Lilia Canturosas<\/p>\n\n\n\n<p class=\"has-medium-font-size wp-block-paragraph\">Septiembre 03 de 2026<\/p>\n\n\n\n<p class=\"has-medium-font-size wp-block-paragraph\">Nuevo Laredo, Tamaulipas.- En Nuevo Laredo se han aplicado cerca de 8 mil 900 millones de pesos de inversi\u00f3n estatal y federal, los Programas para el Bienestar han crecido 190 por ciento en su derrama anual, y hoy benefician a m\u00e1s de 57 mil neolaredenses y con nuevos proyectos ferroviarios y energ\u00e9ticos se reafirma la posici\u00f3n de su liderazgo log\u00edstico y para el comercio internacional, afirm\u00f3 el gobernador Am\u00e9rico Villarreal Anaya.<\/p>\n\n\n\n<p class=\"has-medium-font-size wp-block-paragraph\">\u00abEl objetivo es claro: que la fortaleza log\u00edstica y econ\u00f3mica de Nuevo Laredo se traduzca en m\u00e1s inversi\u00f3n, m\u00e1s empleo y, sobre todo, en una prosperidad compartida, que alcance y toque todos los sectores sociales\u00bb, mencion\u00f3.<\/p>\n\n\n\n<p class=\"has-medium-font-size wp-block-paragraph\">Durante el segundo informe de la presidenta municipal, Carmen Lilia Canturosas Villarreal, en el Polyforum La Fe, de esta ciudad, el gobernador destac\u00f3 que en infraestructura, el Estado ha destinado a Nuevo Laredo 760 millones de pesos, principalmente a vialidades y agua, con obras como la ampliaci\u00f3n de la Planta Potabilizadora Norte, la rehabilitaci\u00f3n del Segundo Anillo Perif\u00e9rico y trabajos en el acceso al Puente III.<\/p>\n\n\n\n<p class=\"has-medium-font-size wp-block-paragraph\">Tambi\u00e9n, dijo, se han canalizado m\u00e1s de mil 90 millones de pesos en programas estrat\u00e9gicos, fortaleciendo a empresas, educaci\u00f3n y en favor de las familias.<\/p>\n\n\n\n<p class=\"has-medium-font-size wp-block-paragraph\">\u00abCon su Ayuntamiento y el apoyo de la Presidenta de M\u00e9xico se consolida el futuro de este puerto fronterizo como la sede de la Agencia Nacional de Aduanas, los siguientes pasos para la modernizaci\u00f3n del Puente III cuya concesi\u00f3n nos ha refrendado la Presidenta con el Tren Saltillo-Nuevo Laredo y con los nuevos proyectos ferroviarios y energ\u00e9ticos, que reafirman la posici\u00f3n de su liderazgo log\u00edstico y para el comercio internacional\u00bb, expres\u00f3.<\/p>\n\n\n\n<p class=\"has-medium-font-size wp-block-paragraph\">Adem\u00e1s, mencion\u00f3, hay proyectos en desarrollo por 366 millones de d\u00f3lares de inversi\u00f3n privada y m\u00e1s de 3 mil 300 empleos directos.<\/p>\n\n\n\n<p class=\"has-medium-font-size wp-block-paragraph\">Am\u00e9rico Villarreal mencion\u00f3 de manera especial el reconocimiento que hizo recientemente la presidenta Claudia Sheinbaum, durante su conferencia ma\u00f1anera, sobre los logros en materia de seguridad y paz en Nuevo Laredo que sit\u00faan a esta ciudad en el cuarto lugar a nivel nacional de la mejor percepci\u00f3n de seguridad y que ha seguido avanzando consistentemente.<\/p>\n\n\n\n<p class=\"has-medium-font-size wp-block-paragraph\">Por su parte, la presidenta municipal, Carmen Lilia Canturosas, hizo un reconocimiento a la visi\u00f3n humanista y la forma responsable y honesta de gobernar de Am\u00e9rico Villarreal.<\/p>\n\n\n\n<p class=\"has-medium-font-size wp-block-paragraph\">\u00abUsted ha entendido algo fundamental, Tamaulipas no puede desarrollarse si sus regiones caminan separadas. Nuevo Laredo, por su fortaleza econ\u00f3mica, log\u00edstica y fronteriza, es una pieza estrat\u00e9gica para el presente y el futuro de nuestro estado\u00bb, dijo.<\/p>\n\n\n\n<p class=\"has-medium-font-size wp-block-paragraph\">Mencion\u00f3 que gracias a la coordinaci\u00f3n con el Gobierno del Estado se ha avanzado en infraestructura, saneamiento, movilidad y bienestar.<\/p>\n\n\n\n<p class=\"has-medium-font-size wp-block-paragraph\">\u00abSu respaldo ha sido fundamental y se lo reconocemos con gratitud y con resultados. Muchas gracias, se\u00f1or gobernador\u00bb, puntualiz\u00f3.<\/p>\n\n\n\n<p class=\"has-medium-font-size wp-block-paragraph\">La alcaldesa apunt\u00f3 que este segundo informe no habla solamente de un a\u00f1o, sino de una transformaci\u00f3n que comenz\u00f3 en 2021, que fue refrendada por el pueblo en 2024 y que hoy puede verse, sentirse y medirse en todo Nuevo Laredo.<\/p>\n\n\n\n<p class=\"has-medium-font-size wp-block-paragraph\">En este informe se cont\u00f3 con la presencia de funcionarios del gabinete estatal, diputados federales y locales, senadoras, miembros del cuerpo diplom\u00e1tico, presidentas y presidentes municipales y representantes de todos los sectores productivos de Nuevo Laredo.<\/p>\n\n\n\n<figure class=\"wp-block-gallery has-nested-images columns-default is-cropped wp-block-gallery-1 is-layout-flex wp-block-gallery-is-layout-flex\">\n<figure class=\"wp-block-image size-full\"><img loading=\"lazy\" decoding=\"async\" width=\"960\" height=\"950\" data-id=\"29010\" src=\"https:\/\/vocerodelpueblo.com\/wp-content\/uploads\/2026\/09\/WhatsApp-Image-2026-09-03-at-7.20.49-PM.jpeg\" alt=\"\" class=\"wp-image-29010\" srcset=\"https:\/\/vocerodelpueblo.com\/wp-content\/uploads\/2026\/09\/WhatsApp-Image-2026-09-03-at-7.20.49-PM.jpeg 960w, https:\/\/vocerodelpueblo.com\/wp-content\/uploads\/2026\/09\/WhatsApp-Image-2026-09-03-at-7.20.49-PM-350x346.jpeg 350w, https:\/\/vocerodelpueblo.com\/wp-content\/uploads\/2026\/09\/WhatsApp-Image-2026-09-03-at-7.20.49-PM-425x421.jpeg 425w, https:\/\/vocerodelpueblo.com\/wp-content\/uploads\/2026\/09\/WhatsApp-Image-2026-09-03-at-7.20.49-PM-70x70.jpeg 70w\" sizes=\"auto, (max-width: 960px) 100vw, 960px\" \/><\/figure>\n\n\n\n<figure class=\"wp-block-image size-full\"><img loading=\"lazy\" decoding=\"async\" width=\"1440\" height=\"960\" data-id=\"29011\" src=\"https:\/\/vocerodelpueblo.com\/wp-content\/uploads\/2026\/09\/WhatsApp-Image-2026-09-03-at-7.20.50-PM.jpeg\" alt=\"\" class=\"wp-image-29011\" srcset=\"https:\/\/vocerodelpueblo.com\/wp-content\/uploads\/2026\/09\/WhatsApp-Image-2026-09-03-at-7.20.50-PM.jpeg 1440w, https:\/\/vocerodelpueblo.com\/wp-content\/uploads\/2026\/09\/WhatsApp-Image-2026-09-03-at-7.20.50-PM-350x233.jpeg 350w, https:\/\/vocerodelpueblo.com\/wp-content\/uploads\/2026\/09\/WhatsApp-Image-2026-09-03-at-7.20.50-PM-632x421.jpeg 632w\" sizes=\"auto, (max-width: 1440px) 100vw, 1440px\" \/><\/figure>\n\n\n\n<figure class=\"wp-block-image size-full\"><img loading=\"lazy\" decoding=\"async\" width=\"1380\" height=\"920\" data-id=\"29012\" src=\"https:\/\/vocerodelpueblo.com\/wp-content\/uploads\/2026\/09\/WhatsApp-Image-2026-09-03-at-7.16.42-PM.jpeg\" alt=\"\" class=\"wp-image-29012\" srcset=\"https:\/\/vocerodelpueblo.com\/wp-content\/uploads\/2026\/09\/WhatsApp-Image-2026-09-03-at-7.16.42-PM.jpeg 1380w, https:\/\/vocerodelpueblo.com\/wp-content\/uploads\/2026\/09\/WhatsApp-Image-2026-09-03-at-7.16.42-PM-350x233.jpeg 350w, https:\/\/vocerodelpueblo.com\/wp-content\/uploads\/2026\/09\/WhatsApp-Image-2026-09-03-at-7.16.42-PM-632x421.jpeg 632w\" sizes=\"auto, (max-width: 1380px) 100vw, 1380px\" \/><\/figure>\n\n\n\n<figure class=\"wp-block-image size-full\"><img loading=\"lazy\" decoding=\"async\" width=\"1440\" height=\"960\" data-id=\"29013\" src=\"https:\/\/vocerodelpueblo.com\/wp-content\/uploads\/2026\/09\/WhatsApp-Image-2026-09-03-at-7.16.22-PM.jpeg\" alt=\"\" class=\"wp-image-29013\" srcset=\"https:\/\/vocerodelpueblo.com\/wp-content\/uploads\/2026\/09\/WhatsApp-Image-2026-09-03-at-7.16.22-PM.jpeg 1440w, https:\/\/vocerodelpueblo.com\/wp-content\/uploads\/2026\/09\/WhatsApp-Image-2026-09-03-at-7.16.22-PM-350x233.jpeg 350w, https:\/\/vocerodelpueblo.com\/wp-content\/uploads\/2026\/09\/WhatsApp-Image-2026-09-03-at-7.16.22-PM-632x421.jpeg 632w\" sizes=\"auto, (max-width: 1440px) 100vw, 1440px\" \/><\/figure>\n\n\n\n<figure class=\"wp-block-image size-full\"><img loading=\"lazy\" decoding=\"async\" width=\"960\" height=\"1440\" data-id=\"29014\" src=\"https:\/\/vocerodelpueblo.com\/wp-content\/uploads\/2026\/09\/WhatsApp-Image-2026-09-03-at-7.15.55-PM.jpeg\" alt=\"\" class=\"wp-image-29014\" srcset=\"https:\/\/vocerodelpueblo.com\/wp-content\/uploads\/2026\/09\/WhatsApp-Image-2026-09-03-at-7.15.55-PM.jpeg 960w, https:\/\/vocerodelpueblo.com\/wp-content\/uploads\/2026\/09\/WhatsApp-Image-2026-09-03-at-7.15.55-PM-233x350.jpeg 233w, https:\/\/vocerodelpueblo.com\/wp-content\/uploads\/2026\/09\/WhatsApp-Image-2026-09-03-at-7.15.55-PM-281x421.jpeg 281w\" sizes=\"auto, (max-width: 960px) 100vw, 960px\" \/><\/figure>\n\n\n\n<figure class=\"wp-block-image size-full\"><img loading=\"lazy\" decoding=\"async\" width=\"1440\" height=\"960\" data-id=\"29015\" src=\"https:\/\/vocerodelpueblo.com\/wp-content\/uploads\/2026\/09\/WhatsApp-Image-2026-09-03-at-7.15.36-PM.jpeg\" alt=\"\" class=\"wp-image-29015\" srcset=\"https:\/\/vocerodelpueblo.com\/wp-content\/uploads\/2026\/09\/WhatsApp-Image-2026-09-03-at-7.15.36-PM.jpeg 1440w, https:\/\/vocerodelpueblo.com\/wp-content\/uploads\/2026\/09\/WhatsApp-Image-2026-09-03-at-7.15.36-PM-350x233.jpeg 350w, https:\/\/vocerodelpueblo.com\/wp-content\/uploads\/2026\/09\/WhatsApp-Image-2026-09-03-at-7.15.36-PM-632x421.jpeg 632w\" sizes=\"auto, (max-width: 1440px) 100vw, 1440px\" \/><\/figure>\n\n\n\n<figure class=\"wp-block-image size-full\"><img loading=\"lazy\" decoding=\"async\" width=\"1440\" height=\"960\" data-id=\"29016\" src=\"https:\/\/vocerodelpueblo.com\/wp-content\/uploads\/2026\/09\/WhatsApp-Image-2026-09-03-at-7.15.25-PM.jpeg\" alt=\"\" class=\"wp-image-29016\" srcset=\"https:\/\/vocerodelpueblo.com\/wp-content\/uploads\/2026\/09\/WhatsApp-Image-2026-09-03-at-7.15.25-PM.jpeg 1440w, https:\/\/vocerodelpueblo.com\/wp-content\/uploads\/2026\/09\/WhatsApp-Image-2026-09-03-at-7.15.25-PM-350x233.jpeg 350w, https:\/\/vocerodelpueblo.com\/wp-content\/uploads\/2026\/09\/WhatsApp-Image-2026-09-03-at-7.15.25-PM-632x421.jpeg 632w\" sizes=\"auto, (max-width: 1440px) 100vw, 1440px\" \/><\/figure>\n\n\n\n<figure class=\"wp-block-image size-full\"><img loading=\"lazy\" decoding=\"async\" width=\"1440\" height=\"960\" data-id=\"29017\" src=\"https:\/\/vocerodelpueblo.com\/wp-content\/uploads\/2026\/09\/WhatsApp-Image-2026-09-03-at-7.15.01-PM.jpeg\" alt=\"\" class=\"wp-image-29017\" srcset=\"https:\/\/vocerodelpueblo.com\/wp-content\/uploads\/2026\/09\/WhatsApp-Image-2026-09-03-at-7.15.01-PM.jpeg 1440w, https:\/\/vocerodelpueblo.com\/wp-content\/uploads\/2026\/09\/WhatsApp-Image-2026-09-03-at-7.15.01-PM-350x233.jpeg 350w, https:\/\/vocerodelpueblo.com\/wp-content\/uploads\/2026\/09\/WhatsApp-Image-2026-09-03-at-7.15.01-PM-632x421.jpeg 632w\" sizes=\"auto, (max-width: 1440px) 100vw, 1440px\" \/><\/figure>\n<\/figure>\n","protected":false},"excerpt":{"rendered":"<p>-El gobernador asisti\u00f3 al Segundo Informe de la alcaldesa Carmen Lilia Canturosas Septiembre 03 de 2026 Nuevo Laredo, Tamaulipas.- En Nuevo Laredo se han aplicado cerca de 8 mil 900 millones de pesos de inversi\u00f3n estatal y federal, los Programas para el Bienestar han crecido 190 por ciento en su derrama anual, y hoy benefician [&hellip;]<\/p>\n","protected":false},"author":2,"featured_media":29016,"comment_status":"closed","ping_status":"closed","sticky":false,"template":"","format":"standard","meta":{"footnotes":""},"categories":[1],"tags":[],"class_list":["post-29009","post","type-post","status-publish","format-standard","has-post-thumbnail","hentry","category-estatales"],"_links":{"self":[{"href":"https:\/\/vocerodelpueblo.com\/index.php?rest_route=\/wp\/v2\/posts\/29009","targetHints":{"allow":["GET"]}}],"collection":[{"href":"https:\/\/vocerodelpueblo.com\/index.php?rest_route=\/wp\/v2\/posts"}],"about":[{"href":"https:\/\/vocerodelpueblo.com\/index.php?rest_route=\/wp\/v2\/types\/post"}],"author":[{"embeddable":true,"href":"https:\/\/vocerodelpueblo.com\/index.php?rest_route=\/wp\/v2\/users\/2"}],"replies":[{"embeddable":true,"href":"https:\/\/vocerodelpueblo.com\/index.php?rest_route=%2Fwp%2Fv2%2Fcomments&post=29009"}],"version-history":[{"count":1,"href":"https:\/\/vocerodelpueblo.com\/index.php?rest_route=\/wp\/v2\/posts\/29009\/revisions"}],"predecessor-version":[{"id":29018,"href":"https:\/\/vocerodelpueblo.com\/index.php?rest_route=\/wp\/v2\/posts\/29009\/revisions\/29018"}],"wp:featuredmedia":[{"embeddable":true,"href":"https:\/\/vocerodelpueblo.com\/index.php?rest_route=\/wp\/v2\/media\/29016"}],"wp:attachment":[{"href":"https:\/\/vocerodelpueblo.com\/index.php?rest_route=%2Fwp%2Fv2%2Fmedia&parent=29009"}],"wp:term":[{"taxonomy":"category","embeddable":true,"href":"https:\/\/vocerodelpueblo.com\/index.php?rest_route=%2Fwp%2Fv2%2Fcategories&post=29009"},{"taxonomy":"post_tag","embeddable":true,"href":"https:\/\/vocerodelpueblo.com\/index.php?rest_route=%2Fwp%2Fv2%2Ftags&post=29009"}],"curies":[{"name":"wp","href":"https:\/\/api.w.org\/{rel}","templated":true}]}}