{"id":29024,"date":"2026-09-05T13:43:54","date_gmt":"2026-09-05T19:43:54","guid":{"rendered":"https:\/\/vocerodelpueblo.com\/?p=29024"},"modified":"2026-09-05T13:43:56","modified_gmt":"2026-09-05T19:43:56","slug":"impulsa-la-estrategia-del-gobernador-americo-villarreal-crecimiento-economico-en-tamaulipas","status":"publish","type":"post","link":"https:\/\/vocerodelpueblo.com\/?p=29024","title":{"rendered":"Impulsa la estrategia del gobernador Am\u00e9rico Villarreal, crecimiento econ\u00f3mico en Tamaulipas"},"content":{"rendered":"\n<p class=\"has-medium-font-size wp-block-paragraph\">Septiembre 05 de 2026<\/p>\n\n\n\n<p class=\"has-medium-font-size wp-block-paragraph\">Nuevo Laredo, Tamaulipas.- La secretaria de Econom\u00eda de Tamaulipas, Ninfa Cant\u00fa De\u00e1ndar, afirm\u00f3 que la estrategia impulsada por el gobernador Am\u00e9rico Villarreal Anaya est\u00e1 funcionando, luego de que Tamaulipas registrara un crecimiento econ\u00f3mico del 5.2 por ciento durante el primer trimestre del a\u00f1o, con resultados positivos en los sectores primario, secundario y terciario.<\/p>\n\n\n\n<p class=\"has-medium-font-size wp-block-paragraph\">La funcionaria detall\u00f3 que, en materia de financiamiento a las micro, peque\u00f1as y medianas empresas, se han colocado m\u00e1s de 2 mil millones de pesos en lo que va de tres a\u00f1os y medio, y adelant\u00f3 que en octubre el gobernador anunciar\u00e1 mil millones de pesos adicionales en financiamientos para las peque\u00f1as empresas.<\/p>\n\n\n\n<p class=\"has-medium-font-size wp-block-paragraph\">\u201cLa estrategia del gobernador Am\u00e9rico Villarreal est\u00e1 funcionando. En el primer trimestre de este a\u00f1o hubo un crecimiento econ\u00f3mico del 5.2% en todo Tamaulipas\u201d, se\u00f1al\u00f3 Cant\u00fa De\u00e1ndar.<\/p>\n\n\n\n<p class=\"has-medium-font-size wp-block-paragraph\">Asimismo, resalt\u00f3 que diversas empresas informales se han formalizado gracias a estos financiamientos y a las pol\u00edticas de promoci\u00f3n implementadas por la dependencia a su cargo.<\/p>\n\n\n\n<p class=\"has-medium-font-size wp-block-paragraph\">En materia de comercio exterior e infraestructura, la secretaria refiri\u00f3 que se ha impulsado la promoci\u00f3n del estado ante agrupaciones empresariales nacionales e internacionales, destacando los 19 cruces comerciales y los tres puertos de altura con los que cuenta Tamaulipas, entre ellos el puerto norte de Matamoros, actualmente en desarrollo, as\u00ed como el papel de Altamira como polo de bienestar dentro de la estrategia nacional.<\/p>\n\n\n\n<p class=\"has-medium-font-size wp-block-paragraph\">Para Nuevo Laredo, la funcionaria adelant\u00f3 la ampliaci\u00f3n del puente de comercio mundial (World Trade Bridge), el proyecto del tren de pasajeros Saltillo\u2013Nuevo Laredo, as\u00ed como una inversi\u00f3n energ\u00e9tica de gran magnitud para la regi\u00f3n.<\/p>\n\n\n\n<p class=\"has-medium-font-size wp-block-paragraph\">Finalmente, Ninfa Cant\u00fa De\u00e1ndar reafirm\u00f3 su compromiso, bajo el liderazgo del gobernador Am\u00e9rico Villarreal Anaya, de continuar impulsando el desarrollo econ\u00f3mico de Tamaulipas en beneficio de las familias tamaulipecas.<\/p>\n\n\n\n<figure class=\"wp-block-gallery has-nested-images columns-default is-cropped wp-block-gallery-1 is-layout-flex wp-block-gallery-is-layout-flex\"><\/figure>\n","protected":false},"excerpt":{"rendered":"<p>Septiembre 05 de 2026 Nuevo Laredo, Tamaulipas.- La secretaria de Econom\u00eda de Tamaulipas, Ninfa Cant\u00fa De\u00e1ndar, afirm\u00f3 que la estrategia impulsada por el gobernador Am\u00e9rico Villarreal Anaya est\u00e1 funcionando, luego de que Tamaulipas registrara un crecimiento econ\u00f3mico del 5.2 por ciento durante el primer trimestre del a\u00f1o, con resultados positivos en los sectores primario, secundario [&hellip;]<\/p>\n","protected":false},"author":2,"featured_media":29025,"comment_status":"closed","ping_status":"closed","sticky":false,"template":"","format":"standard","meta":{"footnotes":""},"categories":[1],"tags":[],"class_list":["post-29024","post","type-post","status-publish","format-standard","has-post-thumbnail","hentry","category-estatales"],"_links":{"self":[{"href":"https:\/\/vocerodelpueblo.com\/index.php?rest_route=\/wp\/v2\/posts\/29024","targetHints":{"allow":["GET"]}}],"collection":[{"href":"https:\/\/vocerodelpueblo.com\/index.php?rest_route=\/wp\/v2\/posts"}],"about":[{"href":"https:\/\/vocerodelpueblo.com\/index.php?rest_route=\/wp\/v2\/types\/post"}],"author":[{"embeddable":true,"href":"https:\/\/vocerodelpueblo.com\/index.php?rest_route=\/wp\/v2\/users\/2"}],"replies":[{"embeddable":true,"href":"https:\/\/vocerodelpueblo.com\/index.php?rest_route=%2Fwp%2Fv2%2Fcomments&post=29024"}],"version-history":[{"count":1,"href":"https:\/\/vocerodelpueblo.com\/index.php?rest_route=\/wp\/v2\/posts\/29024\/revisions"}],"predecessor-version":[{"id":29026,"href":"https:\/\/vocerodelpueblo.com\/index.php?rest_route=\/wp\/v2\/posts\/29024\/revisions\/29026"}],"wp:featuredmedia":[{"embeddable":true,"href":"https:\/\/vocerodelpueblo.com\/index.php?rest_route=\/wp\/v2\/media\/29025"}],"wp:attachment":[{"href":"https:\/\/vocerodelpueblo.com\/index.php?rest_route=%2Fwp%2Fv2%2Fmedia&parent=29024"}],"wp:term":[{"taxonomy":"category","embeddable":true,"href":"https:\/\/vocerodelpueblo.com\/index.php?rest_route=%2Fwp%2Fv2%2Fcategories&post=29024"},{"taxonomy":"post_tag","embeddable":true,"href":"https:\/\/vocerodelpueblo.com\/index.php?rest_route=%2Fwp%2Fv2%2Ftags&post=29024"}],"curies":[{"name":"wp","href":"https:\/\/api.w.org\/{rel}","templated":true}]}}