{"id":3563,"date":"2019-03-27T20:07:27","date_gmt":"2019-03-28T02:07:27","guid":{"rendered":"http:\/\/vocerodelpueblo.com\/?p=3563"},"modified":"2019-03-27T20:07:27","modified_gmt":"2019-03-28T02:07:27","slug":"plantea-el-senador-ismael-garcia-cabeza-de-vaca-bajar-costo-de-creditos-infonavit","status":"publish","type":"post","link":"https:\/\/vocerodelpueblo.com\/?p=3563","title":{"rendered":"PLANTEA EL SENADOR ISMAEL GARC\u00cdA CABEZA DE VACA BAJAR COSTO DE CR\u00c9DITOS INFONAVIT"},"content":{"rendered":"<p>CIUDAD DE M\u00c9XICO, 27 de marzo de 2019.- Con el prop\u00f3sito de ayudar a los ciudadanos con cr\u00e9ditos en condiciones justas y accesibles, el senador Ismael Garc\u00eda Cabeza de Vaca present\u00f3 una iniciativa para modificar la Ley del Instituto del Fondo Nacional de la Vivienda para los Trabajadores (INFONAVIT), que rebajar\u00eda el costo real de los financiamientos.<\/p>\n<p>En tribuna, durante la sesi\u00f3n ordinaria del mi\u00e9rcoles 27, el legislador del Partido Acci\u00f3n Nacional por Tamaulipas present\u00f3 adecuaciones a la ley para disminuir de 30 a 20 a\u00f1os el plazo m\u00e1ximo de financiamiento del Infonavit, y homologar en estos t\u00e9rminos los ya contratados.<\/p>\n<p>Asimismo, propuso que los nuevos cr\u00e9ditos se otorguen en pesos y a tasas y mensualidades fijas, ya que en la actualidad est\u00e1n contratados en varias veces el salario m\u00ednimo o en otras unidades de medida, que encarecen los costos y alargan la deuda.<\/p>\n<p>El senador del PAN pidi\u00f3 en su iniciativa que los fondos de la subcuenta de vivienda del instituto se puedan utilizar para el pago inicial o para disminuir el monto del adeudo.<\/p>\n<p>Estos cambios, explic\u00f3, tendr\u00edan efecto con una reforma a los art\u00edculos 37, 41, 43 Bis y 44 de la Ley del Instituto del Fondo Nacional de la Vivienda para los Trabajadores (Infonavit), que ha sido presentada.<\/p>\n<p>\u201cCada a\u00f1o se abandonan 80 mil viviendas por no contar con agua suficiente, por la lejan\u00eda de sus centros de trabajo, una deficiente calidad de las construcciones, las dimensiones m\u00ednimas de las viviendas, y por lo incosteable de los cr\u00e9ditos con el actual esquema de financiamiento\u201d, dijo Garc\u00eda Cabeza de Vaca.<\/p>\n<p>Una reforma dar\u00eda mayor certeza legal a los trabajadores con adeudos y a los que llegaran a contratar nuevos cr\u00e9ditos.<\/p>\n<p>\u201cEl gobierno federal anunci\u00f3 la transici\u00f3n de los cr\u00e9ditos calculados en salarios m\u00ednimos a pesos y a una tasa fija. Lo que significar\u00eda un gran apoyo para esos 5 millones de familias\u201d, expres\u00f3 el legislador del PAN.<\/p>\n<p>\u201cPor ello, para que no sean solo promesas, hoy presento esta iniciativa\u201d.<\/p>\n<p>Hay cinco millones de ciudadanos sujetos a cr\u00e9ditos del Infonavit, con pagos calculados en varias veces el salario m\u00ednimo, y esta reforma les permitir\u00e1 amortizar a capital y disminuir la deuda, explic\u00f3 el senador por Tamaulipas.<\/p>\n<p>\u201cSe busca el beneficio de los trabajadores y no solo el del Instituto, as\u00ed como fortalecer los mecanismos de protecci\u00f3n para su ahorro, y evitar el incremento desmedido de su deuda\u201d, asegur\u00f3 Garc\u00eda Cabeza de Vaca.<\/p>\n<p>La iniciativa del Senador del PAN por Tamaulipas se turn\u00f3 a la Comisi\u00f3n de Desarrollo Urbano y Ordenaci\u00f3n Territorial y a la de Estudios Legislativos de la C\u00e1mara Alta para su valoraci\u00f3n.<\/p>\n","protected":false},"excerpt":{"rendered":"<p>CIUDAD DE M\u00c9XICO, 27 de marzo de 2019.- Con el prop\u00f3sito de ayudar a los ciudadanos con cr\u00e9ditos en condiciones justas y accesibles, el senador Ismael Garc\u00eda Cabeza de Vaca present\u00f3 una iniciativa para modificar la Ley del Instituto del Fondo Nacional de la Vivienda para los Trabajadores (INFONAVIT), que rebajar\u00eda el costo real de [&hellip;]<\/p>\n","protected":false},"author":1,"featured_media":3564,"comment_status":"open","ping_status":"open","sticky":false,"template":"","format":"standard","meta":{"footnotes":""},"categories":[12],"tags":[],"class_list":["post-3563","post","type-post","status-publish","format-standard","has-post-thumbnail","hentry","category-nacionales"],"_links":{"self":[{"href":"https:\/\/vocerodelpueblo.com\/index.php?rest_route=\/wp\/v2\/posts\/3563","targetHints":{"allow":["GET"]}}],"collection":[{"href":"https:\/\/vocerodelpueblo.com\/index.php?rest_route=\/wp\/v2\/posts"}],"about":[{"href":"https:\/\/vocerodelpueblo.com\/index.php?rest_route=\/wp\/v2\/types\/post"}],"author":[{"embeddable":true,"href":"https:\/\/vocerodelpueblo.com\/index.php?rest_route=\/wp\/v2\/users\/1"}],"replies":[{"embeddable":true,"href":"https:\/\/vocerodelpueblo.com\/index.php?rest_route=%2Fwp%2Fv2%2Fcomments&post=3563"}],"version-history":[{"count":1,"href":"https:\/\/vocerodelpueblo.com\/index.php?rest_route=\/wp\/v2\/posts\/3563\/revisions"}],"predecessor-version":[{"id":3565,"href":"https:\/\/vocerodelpueblo.com\/index.php?rest_route=\/wp\/v2\/posts\/3563\/revisions\/3565"}],"wp:featuredmedia":[{"embeddable":true,"href":"https:\/\/vocerodelpueblo.com\/index.php?rest_route=\/wp\/v2\/media\/3564"}],"wp:attachment":[{"href":"https:\/\/vocerodelpueblo.com\/index.php?rest_route=%2Fwp%2Fv2%2Fmedia&parent=3563"}],"wp:term":[{"taxonomy":"category","embeddable":true,"href":"https:\/\/vocerodelpueblo.com\/index.php?rest_route=%2Fwp%2Fv2%2Fcategories&post=3563"},{"taxonomy":"post_tag","embeddable":true,"href":"https:\/\/vocerodelpueblo.com\/index.php?rest_route=%2Fwp%2Fv2%2Ftags&post=3563"}],"curies":[{"name":"wp","href":"https:\/\/api.w.org\/{rel}","templated":true}]}}