{"id":4312,"date":"2020-01-08T13:47:32","date_gmt":"2020-01-08T19:47:32","guid":{"rendered":"http:\/\/vocerodelpueblo.com\/?p=4312"},"modified":"2020-01-09T01:51:06","modified_gmt":"2020-01-09T07:51:06","slug":"mantiene-uat-objetivo-de-superar-calidad-academica-rector","status":"publish","type":"post","link":"https:\/\/vocerodelpueblo.com\/?p=4312","title":{"rendered":"Mantiene UAT objetivo de superar calidad acad\u00e9mica: Rector"},"content":{"rendered":"\n<p><br><\/p>\n\n\n\n<p>&nbsp; El Rector Jos\u00e9 Andr\u00e9s Su\u00e1rez Fern\u00e1ndez refrend\u00f3 el objetivo de fortalecer los logros acad\u00e9micos, superar los indicadores de calidad educativa y de seguir avanzando con un fuerte compromiso social en el trabajo que realiza la Universidad Aut\u00f3noma de Tamaulipas (UAT).<\/p>\n\n\n\n<p>&nbsp; Lo anterior lo destac\u00f3 el m\u00e1ximo directivo de la UAT tras encabezar respectivamente en el Campus Victoria, la reuni\u00f3n del Colegio de Directores y el tradicional convivio de a\u00f1o nuevo con la comunidad universitaria.<\/p>\n\n\n\n<p>&nbsp; En el marco de la D\u00e9cima Reuni\u00f3n Ordinaria de Directores, el Rector puntualiz\u00f3 los avances que durante el 2019 marcaron el desarrollo de la instituci\u00f3n, de las facultades, unidades acad\u00e9micas y escuelas, lo que permite seguir fortaleciendo los procesos de evaluaci\u00f3n y acreditaci\u00f3n de los programas educativos.<\/p>\n\n\n\n<p>&nbsp; Durante la sesi\u00f3n celebrada en el Sal\u00f3n Ejecutivo del Edificio Centro de Gesti\u00f3n del Conocimiento, destac\u00f3 que este a\u00f1o presenta mejores expectativas para que la casa de estudios siga avanzando, atendi\u00e9ndose las pol\u00edticas, los programas y proyectos que a nivel nacional se establecer\u00e1n para la educaci\u00f3n p\u00fablica superior.<\/p>\n\n\n\n<p>&nbsp; Acompa\u00f1ado por los secretarios del gabinete de la Rector\u00eda, agradeci\u00f3 a los directores de los 26 planteles de la UAT, por sumar sus esfuerzos a las acciones que realiza la Universidad, entre estas, para incrementar los programas de calidad, as\u00ed como la retenci\u00f3n de alumnos que permite mantener y elevar la matr\u00edcula estudiantil.<\/p>\n\n\n\n<p>&nbsp; En otro tema, el Rector Su\u00e1rez Fern\u00e1ndez inform\u00f3 a los directores de su labor como Vicepresidente del Consorcio de Universidades Mexicanas, (CUMex), y de la participaci\u00f3n de la UAT en este organismo, que est\u00e1 integrado por las instituciones p\u00fablicas de educaci\u00f3n superior con los m\u00e1s altos indicadores de calidad, donde tienen acceso a importantes programas en beneficio de estudiantes y profesores.<\/p>\n\n\n\n<p>&nbsp; Previo a la reuni\u00f3n, el Rector presidi\u00f3 en el Gimnasio Multidisciplinario del Centro Universitario de Victoria el tradicional saludo por el a\u00f1o nuevo y el convivio de la Rosca de Reyes con la presencia de directivos, profesores y personal que labora en las diferentes dependencias de toda la UAT.<\/p>\n\n\n\n<p>&nbsp; En este marco, dijo que la Universidad est\u00e1 trabajando bien y con un fuerte compromiso social, \u201cquiero aprovechar la oportunidad para saludarnos y desearnos los mejores \u00e9xitos, la armon\u00eda, la salud, y que tengamos las mejores condiciones para nuestro trabajo que inicia este a\u00f1o\u201d, expres\u00f3.<\/p>\n\n\n\n<p>\u00a0 De igual manera, agradeci\u00f3 a la comunidad universitaria el esfuerzo realizado durante el 2019 y dijo que su participaci\u00f3n es fundamental para que en este a\u00f1o que comienza se logre el cumplimiento de metas y compromisos con la instituci\u00f3n universitaria y con la comunidad en general, que siempre espera m\u00e1s de su Universidad.<\/p>\n\n\n\n<div class=\"wp-block-image\"><figure class=\"aligncenter\"><img loading=\"lazy\" decoding=\"async\" width=\"800\" height=\"322\" src=\"https:\/\/vocerodelpueblo.com\/wp-content\/uploads\/2020\/01\/Mantiene-UAT-objetivo-de-superar-calidad-acad\u00e9mica-Rector-3.jpg\" alt=\"\" class=\"wp-image-4315\" srcset=\"https:\/\/vocerodelpueblo.com\/wp-content\/uploads\/2020\/01\/Mantiene-UAT-objetivo-de-superar-calidad-acad\u00e9mica-Rector-3.jpg 800w, https:\/\/vocerodelpueblo.com\/wp-content\/uploads\/2020\/01\/Mantiene-UAT-objetivo-de-superar-calidad-acad\u00e9mica-Rector-3-350x141.jpg 350w, https:\/\/vocerodelpueblo.com\/wp-content\/uploads\/2020\/01\/Mantiene-UAT-objetivo-de-superar-calidad-acad\u00e9mica-Rector-3-728x293.jpg 728w\" sizes=\"auto, (max-width: 800px) 100vw, 800px\" \/><\/figure><\/div>\n\n\n\n<div class=\"wp-block-image\"><figure class=\"aligncenter\"><img loading=\"lazy\" decoding=\"async\" width=\"800\" height=\"432\" src=\"https:\/\/vocerodelpueblo.com\/wp-content\/uploads\/2020\/01\/Mantiene-UAT-objetivo-de-superar-calidad-acad\u00e9mica-Rector-2.jpg\" alt=\"\" class=\"wp-image-4314\" srcset=\"https:\/\/vocerodelpueblo.com\/wp-content\/uploads\/2020\/01\/Mantiene-UAT-objetivo-de-superar-calidad-acad\u00e9mica-Rector-2.jpg 800w, https:\/\/vocerodelpueblo.com\/wp-content\/uploads\/2020\/01\/Mantiene-UAT-objetivo-de-superar-calidad-acad\u00e9mica-Rector-2-350x189.jpg 350w, https:\/\/vocerodelpueblo.com\/wp-content\/uploads\/2020\/01\/Mantiene-UAT-objetivo-de-superar-calidad-acad\u00e9mica-Rector-2-728x393.jpg 728w\" sizes=\"auto, (max-width: 800px) 100vw, 800px\" \/><\/figure><\/div>\n\n\n\n<div class=\"wp-block-image\"><figure class=\"aligncenter\"><img loading=\"lazy\" decoding=\"async\" width=\"800\" height=\"258\" src=\"https:\/\/vocerodelpueblo.com\/wp-content\/uploads\/2020\/01\/Mantiene-UAT-objetivo-de-superar-calidad-acad\u00e9mica-Rector-1.jpg\" alt=\"\" class=\"wp-image-4313\" srcset=\"https:\/\/vocerodelpueblo.com\/wp-content\/uploads\/2020\/01\/Mantiene-UAT-objetivo-de-superar-calidad-acad\u00e9mica-Rector-1.jpg 800w, https:\/\/vocerodelpueblo.com\/wp-content\/uploads\/2020\/01\/Mantiene-UAT-objetivo-de-superar-calidad-acad\u00e9mica-Rector-1-350x113.jpg 350w, https:\/\/vocerodelpueblo.com\/wp-content\/uploads\/2020\/01\/Mantiene-UAT-objetivo-de-superar-calidad-acad\u00e9mica-Rector-1-728x235.jpg 728w\" sizes=\"auto, (max-width: 800px) 100vw, 800px\" \/><\/figure><\/div>\n\n\n\n<p><br><\/p>\n","protected":false},"excerpt":{"rendered":"<p>&nbsp; El Rector Jos\u00e9 Andr\u00e9s Su\u00e1rez Fern\u00e1ndez refrend\u00f3 el objetivo de fortalecer los logros acad\u00e9micos, superar los indicadores de calidad educativa y de seguir avanzando con un fuerte compromiso social en el trabajo que realiza la Universidad Aut\u00f3noma de Tamaulipas (UAT). &nbsp; Lo anterior lo destac\u00f3 el m\u00e1ximo directivo de la UAT tras encabezar respectivamente [&hellip;]<\/p>\n","protected":false},"author":1,"featured_media":4316,"comment_status":"closed","ping_status":"open","sticky":false,"template":"","format":"standard","meta":{"footnotes":""},"categories":[14],"tags":[],"class_list":["post-4312","post","type-post","status-publish","format-standard","has-post-thumbnail","hentry","category-uat"],"_links":{"self":[{"href":"https:\/\/vocerodelpueblo.com\/index.php?rest_route=\/wp\/v2\/posts\/4312","targetHints":{"allow":["GET"]}}],"collection":[{"href":"https:\/\/vocerodelpueblo.com\/index.php?rest_route=\/wp\/v2\/posts"}],"about":[{"href":"https:\/\/vocerodelpueblo.com\/index.php?rest_route=\/wp\/v2\/types\/post"}],"author":[{"embeddable":true,"href":"https:\/\/vocerodelpueblo.com\/index.php?rest_route=\/wp\/v2\/users\/1"}],"replies":[{"embeddable":true,"href":"https:\/\/vocerodelpueblo.com\/index.php?rest_route=%2Fwp%2Fv2%2Fcomments&post=4312"}],"version-history":[{"count":1,"href":"https:\/\/vocerodelpueblo.com\/index.php?rest_route=\/wp\/v2\/posts\/4312\/revisions"}],"predecessor-version":[{"id":4317,"href":"https:\/\/vocerodelpueblo.com\/index.php?rest_route=\/wp\/v2\/posts\/4312\/revisions\/4317"}],"wp:featuredmedia":[{"embeddable":true,"href":"https:\/\/vocerodelpueblo.com\/index.php?rest_route=\/wp\/v2\/media\/4316"}],"wp:attachment":[{"href":"https:\/\/vocerodelpueblo.com\/index.php?rest_route=%2Fwp%2Fv2%2Fmedia&parent=4312"}],"wp:term":[{"taxonomy":"category","embeddable":true,"href":"https:\/\/vocerodelpueblo.com\/index.php?rest_route=%2Fwp%2Fv2%2Fcategories&post=4312"},{"taxonomy":"post_tag","embeddable":true,"href":"https:\/\/vocerodelpueblo.com\/index.php?rest_route=%2Fwp%2Fv2%2Ftags&post=4312"}],"curies":[{"name":"wp","href":"https:\/\/api.w.org\/{rel}","templated":true}]}}