{"id":4411,"date":"2020-02-12T13:03:25","date_gmt":"2020-02-12T19:03:25","guid":{"rendered":"http:\/\/vocerodelpueblo.com\/?p=4411"},"modified":"2020-02-12T13:03:27","modified_gmt":"2020-02-12T19:03:27","slug":"preside-rector-graduacion-en-la-facultad-de-ingenieria-de-tampico","status":"publish","type":"post","link":"https:\/\/vocerodelpueblo.com\/?p=4411","title":{"rendered":"Preside Rector graduaci\u00f3n en la Facultad de Ingenier\u00eda de Tampico"},"content":{"rendered":"\n<p><em><strong>\u00b7\u00a0 Entrega la UAT nuevos profesionales en las carreras de ingenier\u00eda civil, industrial, sistemas computacionales y sistemas de mercadotecnia.<\/strong><\/em><br><\/p>\n\n\n\n<p>El Rector Jos\u00e9 Andr\u00e9s Su\u00e1rez Fern\u00e1ndez presidi\u00f3 la ceremonia de entrega de constancias a egresados de la Facultad de Ingenier\u00eda de Tampico \u201cArturo Narro Siller\u201d (FIANS) de la Universidad Aut\u00f3noma de Tamaulipas (UAT).<br><\/p>\n\n\n\n<p>El evento se llev\u00f3 a cabo en el Aula Magna \u201cHerman Harris Fleishman\u201d del Centro Universitario Sur (CUS-UAT), con la presencia del Director de la FIANS, Ricardo Tob\u00edas Jaramillo y del Ing. Jes\u00fas Carmen Abud Sald\u00edvar, Presidente del Consejo de Instituciones Empresariales del Sur de Tamaulipas (CIEST), como padrino de la Generaci\u00f3n 2019-3.<br><\/p>\n\n\n\n<p>En este marco, el Rector Su\u00e1rez Fern\u00e1ndez felicit\u00f3 a los m\u00e1s de 100 nuevos profesionistas que integran la generaci\u00f3n de egresados de las carreras de Ingenier\u00eda Civil, Industrial, Sistemas Computacionales y Sistemas de Mercadotecnia.<br><\/p>\n\n\n\n<p>\u201cTodos ustedes tienen en sus proyectos de vida much\u00edsimas cosas, sigan con ese \u00edmpetu, ustedes tienen muchas herramientas que cultivaron en la universidad, y lo que viene adelante va a ser muy bueno, ustedes tienen la voluntad que es lo m\u00e1s importante\u201d, expres\u00f3.<br><\/p>\n\n\n\n<p>Agradeci\u00f3 el Rector la asistencia de padres de familia y amistades de los egresados, tras destacar que para la UAT es un orgullo entregar profesionales formados en programas educativos que est\u00e1n reconocidos por su buena calidad a nivel nacional a trav\u00e9s de organismos acreditadores de la educaci\u00f3n superior.<br><\/p>\n\n\n\n<p>\u201cPodemos decir con mucho orgullo que hay elementos que prueban que esta Universidad es buena, y no solo porque tiene buenas instalaciones, un programa de estudios actualizado, profesores con doctorado o que son miembros del Sistema Nacional de Investigadores, sino porque tiene estudiantes comprometidos con su carrera y que quieren seguir avanzando\u201d, subray\u00f3.<br><\/p>\n\n\n\n<p>Agreg\u00f3 que la ceremonia de graduaci\u00f3n y culminaci\u00f3n de estudios, es el mejor momento que tiene la UAT semestre con semestre para agradecer a la sociedad por el apoyo que da a la Universidad, \u201cy poder decirle tambi\u00e9n a la sociedad que este es el resultado del trabajo y el esfuerzo de mucha gente\u201d, puntualiz\u00f3.<br><\/p>\n\n\n\n<p>En otra parte de la ceremonia, como Padrino y Nombre de la Generaci\u00f3n, el Ing. Jes\u00fas Carmen Abud Sald\u00edvar dirigi\u00f3 un mensaje a los j\u00f3venes, se\u00f1alando que hoy cumplen uno de los objetivos m\u00e1s importantes en la vida de una persona, como es concluir una carrera profesional.<br><\/p>\n\n\n\n<p>El Presidente del CIEST exhort\u00f3 tambi\u00e9n a sus ahijados a que desarrollen en su profesi\u00f3n todo su talento y habilidades, en alianza con los valores que han cultivado en su familia y en la universidad, para salir adelante en la vida a buscar el triunfo y a tener una vida profesional digna y productiva.<br><\/p>\n\n\n\n<p>En la ceremonia, el Director de la FIANS, Ricardo Tob\u00edas Jaramillo, dirigi\u00f3 tambi\u00e9n un mensaje de felicitaci\u00f3n a los egresados,&nbsp; y de agradecimiento a los padres de familia y claustro docente.<br><\/p>\n\n\n\n<p>Al evento asistieron tambi\u00e9n, la Secretaria Acad\u00e9mica de la UAT, Dra. Rosa Issel Acosta Gonz\u00e1lez; la Secretaria Acad\u00e9mica de la FIANS, Dra. Blanca Rubio Lajas; entre otras autoridades universitarias.<br><\/p>\n","protected":false},"excerpt":{"rendered":"<p>\u00b7\u00a0 Entrega la UAT nuevos profesionales en las carreras de ingenier\u00eda civil, industrial, sistemas computacionales y sistemas de mercadotecnia. El Rector Jos\u00e9 Andr\u00e9s Su\u00e1rez Fern\u00e1ndez presidi\u00f3 la ceremonia de entrega de constancias a egresados de la Facultad de Ingenier\u00eda de Tampico \u201cArturo Narro Siller\u201d (FIANS) de la Universidad Aut\u00f3noma de Tamaulipas (UAT). El evento se [&hellip;]<\/p>\n","protected":false},"author":1,"featured_media":4412,"comment_status":"closed","ping_status":"open","sticky":false,"template":"","format":"standard","meta":{"footnotes":""},"categories":[14],"tags":[],"class_list":["post-4411","post","type-post","status-publish","format-standard","has-post-thumbnail","hentry","category-uat"],"_links":{"self":[{"href":"https:\/\/vocerodelpueblo.com\/index.php?rest_route=\/wp\/v2\/posts\/4411","targetHints":{"allow":["GET"]}}],"collection":[{"href":"https:\/\/vocerodelpueblo.com\/index.php?rest_route=\/wp\/v2\/posts"}],"about":[{"href":"https:\/\/vocerodelpueblo.com\/index.php?rest_route=\/wp\/v2\/types\/post"}],"author":[{"embeddable":true,"href":"https:\/\/vocerodelpueblo.com\/index.php?rest_route=\/wp\/v2\/users\/1"}],"replies":[{"embeddable":true,"href":"https:\/\/vocerodelpueblo.com\/index.php?rest_route=%2Fwp%2Fv2%2Fcomments&post=4411"}],"version-history":[{"count":1,"href":"https:\/\/vocerodelpueblo.com\/index.php?rest_route=\/wp\/v2\/posts\/4411\/revisions"}],"predecessor-version":[{"id":4413,"href":"https:\/\/vocerodelpueblo.com\/index.php?rest_route=\/wp\/v2\/posts\/4411\/revisions\/4413"}],"wp:featuredmedia":[{"embeddable":true,"href":"https:\/\/vocerodelpueblo.com\/index.php?rest_route=\/wp\/v2\/media\/4412"}],"wp:attachment":[{"href":"https:\/\/vocerodelpueblo.com\/index.php?rest_route=%2Fwp%2Fv2%2Fmedia&parent=4411"}],"wp:term":[{"taxonomy":"category","embeddable":true,"href":"https:\/\/vocerodelpueblo.com\/index.php?rest_route=%2Fwp%2Fv2%2Fcategories&post=4411"},{"taxonomy":"post_tag","embeddable":true,"href":"https:\/\/vocerodelpueblo.com\/index.php?rest_route=%2Fwp%2Fv2%2Ftags&post=4411"}],"curies":[{"name":"wp","href":"https:\/\/api.w.org\/{rel}","templated":true}]}}