{"id":4416,"date":"2020-02-14T23:14:09","date_gmt":"2020-02-15T05:14:09","guid":{"rendered":"http:\/\/vocerodelpueblo.com\/?p=4416"},"modified":"2020-02-15T23:16:06","modified_gmt":"2020-02-16T05:16:06","slug":"unidos-podremos-construir-un-pais-mejor-y-levantar-la-voz-mas-alto-por-tamaulipas-igcv","status":"publish","type":"post","link":"https:\/\/vocerodelpueblo.com\/?p=4416","title":{"rendered":"Unidos podremos construir un pa\u00eds mejor y levantar la voz m\u00e1s alto por Tamaulipas: IGCV"},"content":{"rendered":"\n<p>Cd. Victoria, Tamaulipas a 14 de febrero de 2020.-En rueda de prensa celebrada en el Comit\u00e9 Directivo Estatal del PAN Tamaulipas; el Senador de la Rep\u00fablica, Ismael Garc\u00eda Cabeza de Vaca y el dirigente estatal del partido, Luis Ren\u00e9 Cant\u00fa Galv\u00e1n, le dieron la bienvenida al Diputado Federal Mario Ramos, a las filas de Acci\u00f3n Nacional.<\/p>\n\n\n\n<p> Con la presencia del tambi\u00e9n Diputado Federal, Salvador Rosas y la Secretaria General del CDE del PAN Tamaulipas, Mariela L\u00f3pez Sosa; Garc\u00eda Cabeza de Vaca se\u00f1al\u00f3 que Acci\u00f3n Nacional es un partido cercano a la gente, abierto al di\u00e1logo y a otras ideolog\u00edas, por lo que se congratul\u00f3 de que el Diputado Federal est\u00e9 ahora, del lado correcto de la historia, que ya no es de partidos pol\u00edticos, sino de un solo proyecto llamado Tamaulipas.<\/p>\n\n\n\n<p> \u201cHoy tenemos que construir juntos, hoy tenemos la oportunidad de hacer este gran equipo por el cual seguiremos trabajando desde la C\u00e1mara de Diputados y el Senado de la Rep\u00fablica. Este d\u00eda, es un ejemplo de que Acci\u00f3n Nacional es un partido abierto a quien quiera sumarse a este gran proyecto y que mejor, que recibir a un gran ser humano, pero sobre todo a un gran pol\u00edtico\u201d, agreg\u00f3.<\/p>\n\n\n\n<p> Asegur\u00f3 que con el trabajo conjunto se cimentar\u00e1 un mejor futuro para nuestro pa\u00eds, levantando siempre la voz por Tamaulipas.<\/p>\n","protected":false},"excerpt":{"rendered":"<p>Cd. Victoria, Tamaulipas a 14 de febrero de 2020.-En rueda de prensa celebrada en el Comit\u00e9 Directivo Estatal del PAN Tamaulipas; el Senador de la Rep\u00fablica, Ismael Garc\u00eda Cabeza de Vaca y el dirigente estatal del partido, Luis Ren\u00e9 Cant\u00fa Galv\u00e1n, le dieron la bienvenida al Diputado Federal Mario Ramos, a las filas de Acci\u00f3n [&hellip;]<\/p>\n","protected":false},"author":1,"featured_media":4417,"comment_status":"closed","ping_status":"open","sticky":false,"template":"","format":"standard","meta":{"footnotes":""},"categories":[1],"tags":[],"class_list":["post-4416","post","type-post","status-publish","format-standard","has-post-thumbnail","hentry","category-estatales"],"_links":{"self":[{"href":"https:\/\/vocerodelpueblo.com\/index.php?rest_route=\/wp\/v2\/posts\/4416","targetHints":{"allow":["GET"]}}],"collection":[{"href":"https:\/\/vocerodelpueblo.com\/index.php?rest_route=\/wp\/v2\/posts"}],"about":[{"href":"https:\/\/vocerodelpueblo.com\/index.php?rest_route=\/wp\/v2\/types\/post"}],"author":[{"embeddable":true,"href":"https:\/\/vocerodelpueblo.com\/index.php?rest_route=\/wp\/v2\/users\/1"}],"replies":[{"embeddable":true,"href":"https:\/\/vocerodelpueblo.com\/index.php?rest_route=%2Fwp%2Fv2%2Fcomments&post=4416"}],"version-history":[{"count":1,"href":"https:\/\/vocerodelpueblo.com\/index.php?rest_route=\/wp\/v2\/posts\/4416\/revisions"}],"predecessor-version":[{"id":4418,"href":"https:\/\/vocerodelpueblo.com\/index.php?rest_route=\/wp\/v2\/posts\/4416\/revisions\/4418"}],"wp:featuredmedia":[{"embeddable":true,"href":"https:\/\/vocerodelpueblo.com\/index.php?rest_route=\/wp\/v2\/media\/4417"}],"wp:attachment":[{"href":"https:\/\/vocerodelpueblo.com\/index.php?rest_route=%2Fwp%2Fv2%2Fmedia&parent=4416"}],"wp:term":[{"taxonomy":"category","embeddable":true,"href":"https:\/\/vocerodelpueblo.com\/index.php?rest_route=%2Fwp%2Fv2%2Fcategories&post=4416"},{"taxonomy":"post_tag","embeddable":true,"href":"https:\/\/vocerodelpueblo.com\/index.php?rest_route=%2Fwp%2Fv2%2Ftags&post=4416"}],"curies":[{"name":"wp","href":"https:\/\/api.w.org\/{rel}","templated":true}]}}