{"id":4419,"date":"2020-02-15T23:19:31","date_gmt":"2020-02-16T05:19:31","guid":{"rendered":"http:\/\/vocerodelpueblo.com\/?p=4419"},"modified":"2020-02-15T23:19:40","modified_gmt":"2020-02-16T05:19:40","slug":"gerente-general-de-comapa-zc-supervisa-sustitucion-de-tuberia-en-las-colonias-laguna-de-la-puerta-y-obrera-de-tampico","status":"publish","type":"post","link":"https:\/\/vocerodelpueblo.com\/?p=4419","title":{"rendered":"Gerente General de COMAPA ZC supervisa sustituci\u00f3n de tuber\u00eda en las colonias Laguna de la Puerta y Obrera de Tampico"},"content":{"rendered":"\n<p>Este s\u00e1bado el gerente general de la COMAPA Zona Conurbada Jorge Federico Rivera Schotte realiz\u00f3 un recorrido de supervisi\u00f3n a las obras de rehabilitaci\u00f3n de infraestructura de drenaje sanitario en las colonias Obrera y Laguna de la Puerta.<\/p>\n\n\n\n<p>Estos trabajos consisten en la sustituci\u00f3n de la tuber\u00eda de concreto simple por polietileno de alta densidad (PAD) cuya vida \u00fatil es m\u00e1s prolongada, siendo este un material que evita las obstrucciones, adem\u00e1s de facilitar los mantenimientos preventivos, los cuales evitar\u00e1n los escurrimientos de aguas negras y el azolve de los drenajes dejando atr\u00e1s los  trabajos provisionales, implementando as\u00ed  soluciones integrales reparando la l\u00ednea general de un pozo de visita a otro.  <\/p>\n\n\n\n<p>Estas acciones se realizan en calle Lerdo de Tejeda y Luis G. Falc\u00f3n de la colonia Obrera y en la Segunda Avenida entre calle M\u00e9xico y Josefa Ortiz de Dom\u00ednguez en la colonia Laguna de la Puerta en el municipio de Tampico; en ambos puntos los vecinos y colonos manifestaron su gratitud por la prontitud de los trabajos, e hicieron patente su reconcomiendo a la labor que bien realizando el Gobierno del Estado en beneficio de los usuarios de la zona conurbada.<\/p>\n\n\n\n<p>Entre las m\u00faltiples muestras de agradecimiento resalt\u00f3 la de una ciudadana que expres\u00f3 \u201ca\u00f1os atr\u00e1s estuvimos batallando con el drenaje porque se regresaba y se regresaba y quiero agradecerle todo su apoyo en la realizaci\u00f3n de esta obra que nos beneficiar\u00e1 a todos los vecinos\u201d, a lo que el Rivera Schotte le contest\u00f3 que el compromiso de la COMAPA es trabajar las veinticuatro horas del d\u00eda los siete d\u00edas de la semana; tal y como lo ha instruido el Gobernador del Estado de Tamaulipas Francisco Javier Garc\u00eda Cabeza de Vaca.<\/p>\n\n\n\n<div class=\"wp-block-image\"><figure class=\"aligncenter\"><img loading=\"lazy\" decoding=\"async\" width=\"850\" height=\"471\" src=\"https:\/\/vocerodelpueblo.com\/wp-content\/uploads\/2020\/02\/Gerente-General-de-COMAPA-ZC-supervisa-sustituci\u00f3n-de-tuber\u00eda-en-las-colonias-L-2.jpeg\" alt=\"\" class=\"wp-image-4421\" srcset=\"https:\/\/vocerodelpueblo.com\/wp-content\/uploads\/2020\/02\/Gerente-General-de-COMAPA-ZC-supervisa-sustituci\u00f3n-de-tuber\u00eda-en-las-colonias-L-2.jpeg 850w, https:\/\/vocerodelpueblo.com\/wp-content\/uploads\/2020\/02\/Gerente-General-de-COMAPA-ZC-supervisa-sustituci\u00f3n-de-tuber\u00eda-en-las-colonias-L-2-350x194.jpeg 350w, https:\/\/vocerodelpueblo.com\/wp-content\/uploads\/2020\/02\/Gerente-General-de-COMAPA-ZC-supervisa-sustituci\u00f3n-de-tuber\u00eda-en-las-colonias-L-2-728x403.jpeg 728w\" sizes=\"auto, (max-width: 850px) 100vw, 850px\" \/><\/figure><\/div>\n\n\n\n<div class=\"wp-block-image\"><figure class=\"aligncenter\"><img loading=\"lazy\" decoding=\"async\" width=\"850\" height=\"411\" src=\"https:\/\/vocerodelpueblo.com\/wp-content\/uploads\/2020\/02\/Gerente-General-de-COMAPA-ZC-supervisa-sustituci\u00f3n-de-tuber\u00eda-en-las-colonias-L-3.jpeg\" alt=\"\" class=\"wp-image-4422\" srcset=\"https:\/\/vocerodelpueblo.com\/wp-content\/uploads\/2020\/02\/Gerente-General-de-COMAPA-ZC-supervisa-sustituci\u00f3n-de-tuber\u00eda-en-las-colonias-L-3.jpeg 850w, https:\/\/vocerodelpueblo.com\/wp-content\/uploads\/2020\/02\/Gerente-General-de-COMAPA-ZC-supervisa-sustituci\u00f3n-de-tuber\u00eda-en-las-colonias-L-3-350x169.jpeg 350w, https:\/\/vocerodelpueblo.com\/wp-content\/uploads\/2020\/02\/Gerente-General-de-COMAPA-ZC-supervisa-sustituci\u00f3n-de-tuber\u00eda-en-las-colonias-L-3-728x352.jpeg 728w\" sizes=\"auto, (max-width: 850px) 100vw, 850px\" \/><\/figure><\/div>\n","protected":false},"excerpt":{"rendered":"<p>Este s\u00e1bado el gerente general de la COMAPA Zona Conurbada Jorge Federico Rivera Schotte realiz\u00f3 un recorrido de supervisi\u00f3n a las obras de rehabilitaci\u00f3n de infraestructura de drenaje sanitario en las colonias Obrera y Laguna de la Puerta. Estos trabajos consisten en la sustituci\u00f3n de la tuber\u00eda de concreto simple por polietileno de alta densidad [&hellip;]<\/p>\n","protected":false},"author":1,"featured_media":4420,"comment_status":"closed","ping_status":"open","sticky":false,"template":"","format":"standard","meta":{"footnotes":""},"categories":[2,3],"tags":[],"class_list":["post-4419","post","type-post","status-publish","format-standard","has-post-thumbnail","hentry","category-zonaconurbada","category-tampico"],"_links":{"self":[{"href":"https:\/\/vocerodelpueblo.com\/index.php?rest_route=\/wp\/v2\/posts\/4419","targetHints":{"allow":["GET"]}}],"collection":[{"href":"https:\/\/vocerodelpueblo.com\/index.php?rest_route=\/wp\/v2\/posts"}],"about":[{"href":"https:\/\/vocerodelpueblo.com\/index.php?rest_route=\/wp\/v2\/types\/post"}],"author":[{"embeddable":true,"href":"https:\/\/vocerodelpueblo.com\/index.php?rest_route=\/wp\/v2\/users\/1"}],"replies":[{"embeddable":true,"href":"https:\/\/vocerodelpueblo.com\/index.php?rest_route=%2Fwp%2Fv2%2Fcomments&post=4419"}],"version-history":[{"count":1,"href":"https:\/\/vocerodelpueblo.com\/index.php?rest_route=\/wp\/v2\/posts\/4419\/revisions"}],"predecessor-version":[{"id":4423,"href":"https:\/\/vocerodelpueblo.com\/index.php?rest_route=\/wp\/v2\/posts\/4419\/revisions\/4423"}],"wp:featuredmedia":[{"embeddable":true,"href":"https:\/\/vocerodelpueblo.com\/index.php?rest_route=\/wp\/v2\/media\/4420"}],"wp:attachment":[{"href":"https:\/\/vocerodelpueblo.com\/index.php?rest_route=%2Fwp%2Fv2%2Fmedia&parent=4419"}],"wp:term":[{"taxonomy":"category","embeddable":true,"href":"https:\/\/vocerodelpueblo.com\/index.php?rest_route=%2Fwp%2Fv2%2Fcategories&post=4419"},{"taxonomy":"post_tag","embeddable":true,"href":"https:\/\/vocerodelpueblo.com\/index.php?rest_route=%2Fwp%2Fv2%2Ftags&post=4419"}],"curies":[{"name":"wp","href":"https:\/\/api.w.org\/{rel}","templated":true}]}}