{"id":4424,"date":"2020-02-20T01:46:27","date_gmt":"2020-02-20T07:46:27","guid":{"rendered":"http:\/\/vocerodelpueblo.com\/?p=4424"},"modified":"2020-02-21T01:46:36","modified_gmt":"2020-02-21T07:46:36","slug":"la-violencia-no-solo-esta-en-las-calles-sino-en-los-hogares-sesesp","status":"publish","type":"post","link":"https:\/\/vocerodelpueblo.com\/?p=4424","title":{"rendered":"LA VIOLENCIA NO S\u00d3LO \u00c9STA EN LAS CALLES, SINO EN LOS HOGARES: SESESP"},"content":{"rendered":"\n<p> Ciudad Victoria, Tamaulipas, 20 febrero 2020.- La violencia familiar es uno de los delitos que con mayor frecuencia ocurre en el pa\u00eds y est\u00e1 ubicado entre los primeros lugares en Tamaulipas en cuanto a incidencia delictiva, inform\u00f3 el Secretariado Ejecutivo del Sistema Estatal de Seguridad P\u00fablica (SESESP).<\/p>\n\n\n\n<p> La violencia no s\u00f3lo est\u00e1 en las calles, sino en los hogares y en el \u00e1mbito familiar, por lo que es importante prevenir que esta ocurra, agreg\u00f3 la dependencia.<\/p>\n\n\n\n<p> Un par\u00e1metro es que del total de llamadas que se reciben a la l\u00ednea de emergencia 9.1.1, alrededor de 85 por ciento corresponden a denuncias por violencia familiar, violencia de g\u00e9nero, violencia de pareja y maltrato infantil, las cuales son atendidas con la presencia de corporaciones policiales y\/o canalizadas a autoridades ministeriales o de apoyo a la familia.<\/p>\n\n\n\n<p> La violencia familiar se define como la violencia f\u00edsica, verbal, moral o psicol\u00f3gica en contra de alg\u00fan miembro de la familia que el victimario -hombre o mujer- realiza en forma reiterada y continua.<\/p>\n\n\n\n<p> Entre enero a noviembre de 2019 se registraron 7,183 llamadas por violencia familiar al 9.1.1, la mayor\u00eda de ellas los d\u00edas viernes y s\u00e1bado. Y m\u00e1s de la mitad relacionadas con la ingesta de alcohol. <\/p>\n\n\n\n<p> La violencia familiar en Tamaulipas es una problem\u00e1tica cuyos detonantes principales se asocian con el consumo de alcohol y sustancias prohibidas y las consecuencias en las v\u00edctimas van desde lesiones f\u00edsicas, ansiedad, depresi\u00f3n, trastornos, consumo de alcohol y drogas hasta violencia que se transmite a otras generaciones, agreg\u00f3 el SESESP.<\/p>\n\n\n\n<p> Otra de las consecuencias es que las v\u00edctimas de violencia normalizan el entorno violento y generan alta tolerancia a situaciones de violencia, as\u00ed como la capacidad de desarrollar y transmitir conductas agresivas hacia otras personas.<\/p>\n\n\n\n<p> Ante esta situaci\u00f3n Secretariado Ejecutivo del Sistema Estatal de Seguridad P\u00fablica (SESESP) llam\u00f3 a prevenir la violencia familiar, a que sean las propias personas quienes detecten si son v\u00edctimas o victimarios, y denunciar al 9.1.1 o acudir a dependencias de apoyo a la familia.<\/p>\n","protected":false},"excerpt":{"rendered":"<p>Ciudad Victoria, Tamaulipas, 20 febrero 2020.- La violencia familiar es uno de los delitos que con mayor frecuencia ocurre en el pa\u00eds y est\u00e1 ubicado entre los primeros lugares en Tamaulipas en cuanto a incidencia delictiva, inform\u00f3 el Secretariado Ejecutivo del Sistema Estatal de Seguridad P\u00fablica (SESESP). La violencia no s\u00f3lo est\u00e1 en las calles, [&hellip;]<\/p>\n","protected":false},"author":1,"featured_media":4425,"comment_status":"closed","ping_status":"open","sticky":false,"template":"","format":"standard","meta":{"footnotes":""},"categories":[1],"tags":[],"class_list":["post-4424","post","type-post","status-publish","format-standard","has-post-thumbnail","hentry","category-estatales"],"_links":{"self":[{"href":"https:\/\/vocerodelpueblo.com\/index.php?rest_route=\/wp\/v2\/posts\/4424","targetHints":{"allow":["GET"]}}],"collection":[{"href":"https:\/\/vocerodelpueblo.com\/index.php?rest_route=\/wp\/v2\/posts"}],"about":[{"href":"https:\/\/vocerodelpueblo.com\/index.php?rest_route=\/wp\/v2\/types\/post"}],"author":[{"embeddable":true,"href":"https:\/\/vocerodelpueblo.com\/index.php?rest_route=\/wp\/v2\/users\/1"}],"replies":[{"embeddable":true,"href":"https:\/\/vocerodelpueblo.com\/index.php?rest_route=%2Fwp%2Fv2%2Fcomments&post=4424"}],"version-history":[{"count":1,"href":"https:\/\/vocerodelpueblo.com\/index.php?rest_route=\/wp\/v2\/posts\/4424\/revisions"}],"predecessor-version":[{"id":4426,"href":"https:\/\/vocerodelpueblo.com\/index.php?rest_route=\/wp\/v2\/posts\/4424\/revisions\/4426"}],"wp:featuredmedia":[{"embeddable":true,"href":"https:\/\/vocerodelpueblo.com\/index.php?rest_route=\/wp\/v2\/media\/4425"}],"wp:attachment":[{"href":"https:\/\/vocerodelpueblo.com\/index.php?rest_route=%2Fwp%2Fv2%2Fmedia&parent=4424"}],"wp:term":[{"taxonomy":"category","embeddable":true,"href":"https:\/\/vocerodelpueblo.com\/index.php?rest_route=%2Fwp%2Fv2%2Fcategories&post=4424"},{"taxonomy":"post_tag","embeddable":true,"href":"https:\/\/vocerodelpueblo.com\/index.php?rest_route=%2Fwp%2Fv2%2Ftags&post=4424"}],"curies":[{"name":"wp","href":"https:\/\/api.w.org\/{rel}","templated":true}]}}