{"id":505,"date":"2016-08-11T17:04:22","date_gmt":"2016-08-11T22:04:22","guid":{"rendered":"http:\/\/vocerodelpueblo.com\/?p=505"},"modified":"2016-08-11T17:04:22","modified_gmt":"2016-08-11T22:04:22","slug":"en-tantima-se-activan-las-obras-en-las-comunidades-del-municipio","status":"publish","type":"post","link":"https:\/\/vocerodelpueblo.com\/?p=505","title":{"rendered":"EN TANTIMA SE ACTIVAN LAS OBRAS EN LAS COMUNIDADES DEL MUNICIPIO"},"content":{"rendered":"<p>&nbsp;<\/p>\n<p><img loading=\"lazy\" decoding=\"async\" class=\"aligncenter wp-image-506 \" src=\"https:\/\/vocerodelpueblo.com\/wp-content\/uploads\/2016\/08\/IMG_9647.jpg\" alt=\"IMG_9647\" width=\"739\" height=\"412\" srcset=\"https:\/\/vocerodelpueblo.com\/wp-content\/uploads\/2016\/08\/IMG_9647.jpg 960w, https:\/\/vocerodelpueblo.com\/wp-content\/uploads\/2016\/08\/IMG_9647-300x167.jpg 300w, https:\/\/vocerodelpueblo.com\/wp-content\/uploads\/2016\/08\/IMG_9647-768x428.jpg 768w\" sizes=\"auto, (max-width: 739px) 100vw, 739px\" \/><\/p>\n<p><span style=\"font-weight: 400;\">TANTIMA, Ver.- Bajo la atinada gesti\u00f3n del alcalde R\u00f3mulo Melo Arbona se activan las obras en las comunidades rurales del municipio, para dar resultados a las demandas m\u00e1s sentidas de la sociedad.<\/span><\/p>\n<p><span style=\"font-weight: 400;\">Una de las acciones de mayor relevancia consiste en mejorar la conectividad entre todas las localidades del campo, mediante una adecuada planeaci\u00f3n orientada a enlazar a los n\u00facleos de poblaci\u00f3n rural con la cabecera municipal, mediante una red de caminos vecinales en buenas condiciones.<\/span><\/p>\n<p><span style=\"font-weight: 400;\">En este rubro se han invertido cuantiosos recursos presupuestales del Ramo 033, permitiendo elevar la producci\u00f3n agropecuaria y forestal, as\u00ed como fortalecer el comercio y las actividades productivas en general.<\/span><\/p>\n<p><span style=\"font-weight: 400;\">Dijo el Mun\u00edcipe que apoyo del Presidente de la Rep\u00fablica, Lic. Enrique Pe\u00f1a Nieto ha sido determinante para que Tantima cuente mejor infraestructura social municipal, mejorando la calidad de vida de numerosas familias.<\/span><\/p>\n<p><span style=\"font-weight: 400;\">Hizo hincapi\u00e9 en que el 2016 ser\u00e1 un a\u00f1o de muchas realizaciones en materia de caminos, pues se rehabilitaron varias rutas con puentes y vados, para evitar que los poblados y rancher\u00edas queden incomunicados durante las lluvias.<\/span><\/p>\n<p><span style=\"font-weight: 400;\">Melo Arbona coment\u00f3 tambi\u00e9n que este a\u00f1o ser\u00e1n reparados otros tramos carreteros, obras que ya fueron aprobadas por el Gobierno Federal y que ser\u00e1n realidad muy pronto.<\/span><\/p>\n<p><span style=\"font-weight: 400;\">El alcalde resalt\u00f3 dijo que con estas y otras muchas obras que est\u00e1n en proceso de ejecuci\u00f3n, Tantima se consolida como la Joya de Otontepec, pues se trabaja para las actuales y las nuevas generaciones.<\/span><\/p>\n","protected":false},"excerpt":{"rendered":"<p>&nbsp; TANTIMA, Ver.- Bajo la atinada gesti\u00f3n del alcalde R\u00f3mulo Melo Arbona se activan las obras en las comunidades rurales del municipio, para dar resultados a las demandas m\u00e1s sentidas de la sociedad. Una de las acciones de mayor relevancia consiste en mejorar la conectividad entre todas las localidades del campo, mediante una adecuada planeaci\u00f3n [&hellip;]<\/p>\n","protected":false},"author":1,"featured_media":506,"comment_status":"open","ping_status":"open","sticky":false,"template":"","format":"standard","meta":{"footnotes":""},"categories":[6,10],"tags":[],"class_list":["post-505","post","type-post","status-publish","format-standard","has-post-thumbnail","hentry","category-norte-de-veracruz","category-veracruz"],"_links":{"self":[{"href":"https:\/\/vocerodelpueblo.com\/index.php?rest_route=\/wp\/v2\/posts\/505","targetHints":{"allow":["GET"]}}],"collection":[{"href":"https:\/\/vocerodelpueblo.com\/index.php?rest_route=\/wp\/v2\/posts"}],"about":[{"href":"https:\/\/vocerodelpueblo.com\/index.php?rest_route=\/wp\/v2\/types\/post"}],"author":[{"embeddable":true,"href":"https:\/\/vocerodelpueblo.com\/index.php?rest_route=\/wp\/v2\/users\/1"}],"replies":[{"embeddable":true,"href":"https:\/\/vocerodelpueblo.com\/index.php?rest_route=%2Fwp%2Fv2%2Fcomments&post=505"}],"version-history":[{"count":1,"href":"https:\/\/vocerodelpueblo.com\/index.php?rest_route=\/wp\/v2\/posts\/505\/revisions"}],"predecessor-version":[{"id":507,"href":"https:\/\/vocerodelpueblo.com\/index.php?rest_route=\/wp\/v2\/posts\/505\/revisions\/507"}],"wp:featuredmedia":[{"embeddable":true,"href":"https:\/\/vocerodelpueblo.com\/index.php?rest_route=\/wp\/v2\/media\/506"}],"wp:attachment":[{"href":"https:\/\/vocerodelpueblo.com\/index.php?rest_route=%2Fwp%2Fv2%2Fmedia&parent=505"}],"wp:term":[{"taxonomy":"category","embeddable":true,"href":"https:\/\/vocerodelpueblo.com\/index.php?rest_route=%2Fwp%2Fv2%2Fcategories&post=505"},{"taxonomy":"post_tag","embeddable":true,"href":"https:\/\/vocerodelpueblo.com\/index.php?rest_route=%2Fwp%2Fv2%2Ftags&post=505"}],"curies":[{"name":"wp","href":"https:\/\/api.w.org\/{rel}","templated":true}]}}