{"id":5064,"date":"2020-08-13T21:11:45","date_gmt":"2020-08-14T02:11:45","guid":{"rendered":"http:\/\/vocerodelpueblo.com\/?p=5064"},"modified":"2020-08-13T21:11:51","modified_gmt":"2020-08-14T02:11:51","slug":"con-mas-obras-de-infraestructura-cumple-alma-laura-amparan-a-los-altamirenses","status":"publish","type":"post","link":"https:\/\/vocerodelpueblo.com\/?p=5064","title":{"rendered":"Con m\u00e1s obras de infraestructura, cumple Alma Laura Ampar\u00e1n a los altamirenses"},"content":{"rendered":"\n<p class=\"has-normal-font-size\"><em>*Inaugura alcaldesa construcci\u00f3n de guarniciones y banquetas en la colonia Felipe Carrillo Puerto<\/em><\/p>\n\n\n\n<p>Desarrollando obras de calidad que permiten a la ciudadan\u00eda transitar de forma ordenada y segura, el Gobierno de Altamira, que preside la alcaldesa Alma Laura Ampar\u00e1n Cruz, inaugur\u00f3 la construcci\u00f3n de guarniciones y banquetas&nbsp;como parte del circuito vial de las calles 8, 9 y 3, de la colonia Felipe Carrillo Puerto.<\/p>\n\n\n\n<p>En esta obra fueron construidos aproximadamente 935 metros lineales de guarniciones y mil 064 metros cuadrados de banquetas, con una inversi\u00f3n de 1 mill\u00f3n 332 mil 620 pesos comprendida en el Fondo de Aportaciones para la Infraestructura Social (FAIS) para beneficiar de manera directa a m\u00e1s de 970 personas de ese sector.<\/p>\n\n\n\n<p>Cabe se\u00f1alar que en la colonia Felipe Carrillo Puerto se han efectuado otros trabajos de beneficio colectivo por 7 millones 224 mil 963 pesos y dentro de la zona que la conforma, acciones por m\u00e1s de 33 millones de pesos para mejorar la calidad de vida de un mayor n\u00famero de familias.<\/p>\n\n\n\n<p>La presidenta municipal Alma Laura Ampar\u00e1n Cruz asever\u00f3 que su gobierno continuar\u00e1 trabajando conjuntamente con el gobernador del Estado, Francisco Garc\u00eda Cabeza de Vaca, para mejorar la imagen urbana de Altamira y seguir abatiendo el rezago de servicios de infraestructura vial para hacerla una ciudad funcional de la que se sientan orgullosos todos los altamirenses.<\/p>\n\n\n\n<p>\u201cEsta obra, de buena calidad, era esperada por las familias del sector; juntos, sociedad y gobierno, seguiremos trabajando y avanzando por el progreso de Altamira. Aqu\u00ed estamos, cumpliendo nuestra palabra con obras que benefician a todas las familias\u2018\u2019, expres\u00f3.<\/p>\n\n\n\n<p>Reiter\u00f3 que la administraci\u00f3n municipal que preside seguir\u00e1 atendiendo las necesidades de la ciudadan\u00eda, con obras de pavimentaci\u00f3n, de guarniciones y banquetas, y de alumbrado p\u00fablico, adem\u00e1s de programas asistenciales, dando siempre lo mejor para generar bienestar entre la poblaci\u00f3n.<\/p>\n\n\n\n<p>En la colonia Felipe Carrillo Puerto se construyeron guarniciones y banquetas en la Calle 9, entre Avenida Central 5 y Avenida Central 3; Calle 8, entre Avenida Central 3 y Avenida Central 2, y calle 3, entre Avenida Central 2 y Central de Abastos, mostr\u00e1ndose los vecinos del sector sumamente complacidos por la realizaci\u00f3n de esta importante obra.<\/p>\n\n\n\n<p>Al evento de inauguraci\u00f3n, tambi\u00e9n asistieron\u00a0la secretaria de\u00a0Obras\u00a0P\u00fablicas\u00a0Desarrollo Urbano y Medio Ambiente, Patricia Hern\u00e1ndez Reyna; el secretario de Bienestar Social, Alfredo Polanco Aguilar, e integrantes del Comit\u00e9 de Obra.<\/p>\n\n\n\n<div class=\"wp-block-image\"><figure class=\"aligncenter\"><img loading=\"lazy\" decoding=\"async\" width=\"768\" height=\"432\" src=\"https:\/\/vocerodelpueblo.com\/wp-content\/uploads\/2020\/08\/Con-m\u00e1s-obras-de-infraestructura-cump-2.jpeg\" alt=\"\" class=\"wp-image-5066\" srcset=\"https:\/\/vocerodelpueblo.com\/wp-content\/uploads\/2020\/08\/Con-m\u00e1s-obras-de-infraestructura-cump-2.jpeg 768w, https:\/\/vocerodelpueblo.com\/wp-content\/uploads\/2020\/08\/Con-m\u00e1s-obras-de-infraestructura-cump-2-350x197.jpeg 350w, https:\/\/vocerodelpueblo.com\/wp-content\/uploads\/2020\/08\/Con-m\u00e1s-obras-de-infraestructura-cump-2-728x410.jpeg 728w\" sizes=\"auto, (max-width: 768px) 100vw, 768px\" \/><\/figure><\/div>\n","protected":false},"excerpt":{"rendered":"<p>*Inaugura alcaldesa construcci\u00f3n de guarniciones y banquetas en la colonia Felipe Carrillo Puerto Desarrollando obras de calidad que permiten a la ciudadan\u00eda transitar de forma ordenada y segura, el Gobierno de Altamira, que preside la alcaldesa Alma Laura Ampar\u00e1n Cruz, inaugur\u00f3 la construcci\u00f3n de guarniciones y banquetas&nbsp;como parte del circuito vial de las calles 8, [&hellip;]<\/p>\n","protected":false},"author":1,"featured_media":5065,"comment_status":"closed","ping_status":"open","sticky":false,"template":"","format":"standard","meta":{"footnotes":""},"categories":[5,2],"tags":[],"class_list":["post-5064","post","type-post","status-publish","format-standard","has-post-thumbnail","hentry","category-altamira","category-zonaconurbada"],"_links":{"self":[{"href":"https:\/\/vocerodelpueblo.com\/index.php?rest_route=\/wp\/v2\/posts\/5064","targetHints":{"allow":["GET"]}}],"collection":[{"href":"https:\/\/vocerodelpueblo.com\/index.php?rest_route=\/wp\/v2\/posts"}],"about":[{"href":"https:\/\/vocerodelpueblo.com\/index.php?rest_route=\/wp\/v2\/types\/post"}],"author":[{"embeddable":true,"href":"https:\/\/vocerodelpueblo.com\/index.php?rest_route=\/wp\/v2\/users\/1"}],"replies":[{"embeddable":true,"href":"https:\/\/vocerodelpueblo.com\/index.php?rest_route=%2Fwp%2Fv2%2Fcomments&post=5064"}],"version-history":[{"count":1,"href":"https:\/\/vocerodelpueblo.com\/index.php?rest_route=\/wp\/v2\/posts\/5064\/revisions"}],"predecessor-version":[{"id":5067,"href":"https:\/\/vocerodelpueblo.com\/index.php?rest_route=\/wp\/v2\/posts\/5064\/revisions\/5067"}],"wp:featuredmedia":[{"embeddable":true,"href":"https:\/\/vocerodelpueblo.com\/index.php?rest_route=\/wp\/v2\/media\/5065"}],"wp:attachment":[{"href":"https:\/\/vocerodelpueblo.com\/index.php?rest_route=%2Fwp%2Fv2%2Fmedia&parent=5064"}],"wp:term":[{"taxonomy":"category","embeddable":true,"href":"https:\/\/vocerodelpueblo.com\/index.php?rest_route=%2Fwp%2Fv2%2Fcategories&post=5064"},{"taxonomy":"post_tag","embeddable":true,"href":"https:\/\/vocerodelpueblo.com\/index.php?rest_route=%2Fwp%2Fv2%2Ftags&post=5064"}],"curies":[{"name":"wp","href":"https:\/\/api.w.org\/{rel}","templated":true}]}}