{"id":5073,"date":"2020-08-17T22:35:12","date_gmt":"2020-08-18T03:35:12","guid":{"rendered":"http:\/\/vocerodelpueblo.com\/?p=5073"},"modified":"2020-08-18T22:37:38","modified_gmt":"2020-08-19T03:37:38","slug":"gobierno-de-altamira-mantiene-filtros-sanitarios-en-avenidas-principales","status":"publish","type":"post","link":"https:\/\/vocerodelpueblo.com\/?p=5073","title":{"rendered":"Gobierno de Altamira mantiene filtros sanitarios en avenidas principales"},"content":{"rendered":"\n<p class=\"has-normal-font-size\"><em>*Dentro de los lineamientos emitidos por la Secretar\u00eda de Salud para prevenir casos de COVID-19<\/em><\/p>\n\n\n\n<p>Dando cumplimiento a las indicaciones del Comit\u00e9 T\u00e9cnico Estatal de Seguridad en Salud en Tamaulipas y como parte del reforzamiento de las medidas preventivas ante el COVID-19, el Gobierno Municipal de Altamira, que preside la alcaldesa Alma Laura Ampar\u00e1n Cruz, mantiene los filtros sanitarios en las principales calles y avenidas de esta localidad.<\/p>\n\n\n\n<p>Se cuenta con la participaci\u00f3n de personal de la Direcci\u00f3n de Protecci\u00f3n Civil para el desarrollo de estas labores sanitarias preventivas, teniendo el apoyo de elementos de Tr\u00e1nsito y Vialidad, Polic\u00eda Estatal, e incluso, de la Guardia Nacional.<\/p>\n\n\n\n<p>En los filtros sanitarios se verifica la temperatura de automovilistas, choferes y pasajeros, as\u00ed como el uso correcto del cubre-bocas, al igual que sea respetada la disposici\u00f3n del Gobierno del Estado sobre el doble No Circula, y la orientaci\u00f3n sobre los lineamientos del Comit\u00e9 T\u00e9cnico Estatal de Seguridad en Salud en Tamaulipas respecto a la actual contingencia sanitaria, reiterando tambi\u00e9n el exhorto a la ciudadan\u00eda de quedarse en casa.<\/p>\n\n\n\n<p>Estas acciones se efect\u00faan con la finalidad de continuar reforzando las medidas de limpieza y sanitarias correspondientes para prevenir el registro de m\u00e1s contagios de coronavirus en este municipio, concientizando a la poblaci\u00f3n en general sobre c\u00f3mo hacer frente la pandemia a trav\u00e9s de un comportamiento socialmente responsable.<\/p>\n\n\n\n<p>Los filtros sanitarios se instalan en la intersecci\u00f3n de los bulevares Allende y PRIMEX, en la Avenida de la Industria, Avenida Tamaulipas, as\u00ed como en los accesos a fraccionamientos y conjuntos habitacionales, y sectores donde haya mayor movilidad.<\/p>\n\n\n\n<p>El gobierno de la alcaldesa Alma Laura Ampar\u00e1n Cruz est\u00e1 dando puntual cumplimiento a las disposiciones establecidas por la Secretar\u00eda de Salud de Tamaulipas, trabajando de manera coordinada con el gobernador del Estado, Francisco Garc\u00eda Cabeza de Vaca, para seguir afrontando de manera eficaz la lucha contra el coronavirus y proteger la salud de las familias altamirenses.<\/p>\n\n\n\n<div class=\"wp-block-image\"><figure class=\"aligncenter\"><img loading=\"lazy\" decoding=\"async\" width=\"768\" height=\"512\" src=\"https:\/\/vocerodelpueblo.com\/wp-content\/uploads\/2020\/08\/Gobierno-de-Alt-2.jpeg\" alt=\"\" class=\"wp-image-5075\" srcset=\"https:\/\/vocerodelpueblo.com\/wp-content\/uploads\/2020\/08\/Gobierno-de-Alt-2.jpeg 768w, https:\/\/vocerodelpueblo.com\/wp-content\/uploads\/2020\/08\/Gobierno-de-Alt-2-350x233.jpeg 350w, https:\/\/vocerodelpueblo.com\/wp-content\/uploads\/2020\/08\/Gobierno-de-Alt-2-632x421.jpeg 632w\" sizes=\"auto, (max-width: 768px) 100vw, 768px\" \/><\/figure><\/div>\n","protected":false},"excerpt":{"rendered":"<p>*Dentro de los lineamientos emitidos por la Secretar\u00eda de Salud para prevenir casos de COVID-19 Dando cumplimiento a las indicaciones del Comit\u00e9 T\u00e9cnico Estatal de Seguridad en Salud en Tamaulipas y como parte del reforzamiento de las medidas preventivas ante el COVID-19, el Gobierno Municipal de Altamira, que preside la alcaldesa Alma Laura Ampar\u00e1n Cruz, [&hellip;]<\/p>\n","protected":false},"author":1,"featured_media":5074,"comment_status":"closed","ping_status":"open","sticky":false,"template":"","format":"standard","meta":{"footnotes":""},"categories":[5,2],"tags":[],"class_list":["post-5073","post","type-post","status-publish","format-standard","has-post-thumbnail","hentry","category-altamira","category-zonaconurbada"],"_links":{"self":[{"href":"https:\/\/vocerodelpueblo.com\/index.php?rest_route=\/wp\/v2\/posts\/5073","targetHints":{"allow":["GET"]}}],"collection":[{"href":"https:\/\/vocerodelpueblo.com\/index.php?rest_route=\/wp\/v2\/posts"}],"about":[{"href":"https:\/\/vocerodelpueblo.com\/index.php?rest_route=\/wp\/v2\/types\/post"}],"author":[{"embeddable":true,"href":"https:\/\/vocerodelpueblo.com\/index.php?rest_route=\/wp\/v2\/users\/1"}],"replies":[{"embeddable":true,"href":"https:\/\/vocerodelpueblo.com\/index.php?rest_route=%2Fwp%2Fv2%2Fcomments&post=5073"}],"version-history":[{"count":1,"href":"https:\/\/vocerodelpueblo.com\/index.php?rest_route=\/wp\/v2\/posts\/5073\/revisions"}],"predecessor-version":[{"id":5076,"href":"https:\/\/vocerodelpueblo.com\/index.php?rest_route=\/wp\/v2\/posts\/5073\/revisions\/5076"}],"wp:featuredmedia":[{"embeddable":true,"href":"https:\/\/vocerodelpueblo.com\/index.php?rest_route=\/wp\/v2\/media\/5074"}],"wp:attachment":[{"href":"https:\/\/vocerodelpueblo.com\/index.php?rest_route=%2Fwp%2Fv2%2Fmedia&parent=5073"}],"wp:term":[{"taxonomy":"category","embeddable":true,"href":"https:\/\/vocerodelpueblo.com\/index.php?rest_route=%2Fwp%2Fv2%2Fcategories&post=5073"},{"taxonomy":"post_tag","embeddable":true,"href":"https:\/\/vocerodelpueblo.com\/index.php?rest_route=%2Fwp%2Fv2%2Ftags&post=5073"}],"curies":[{"name":"wp","href":"https:\/\/api.w.org\/{rel}","templated":true}]}}