{"id":5077,"date":"2020-08-17T22:38:30","date_gmt":"2020-08-18T03:38:30","guid":{"rendered":"http:\/\/vocerodelpueblo.com\/?p=5077"},"modified":"2020-08-18T22:40:51","modified_gmt":"2020-08-19T03:40:51","slug":"vivir-sonriendo-sigue-transformando-vidas-en-altamira","status":"publish","type":"post","link":"https:\/\/vocerodelpueblo.com\/?p=5077","title":{"rendered":"Vivir Sonriendo sigue transformando vidas en Altamira"},"content":{"rendered":"\n<p class=\"has-normal-font-size\"><em>*Campa\u00f1a implementada por la presidenta del Sistema DIF municipal, Lic. Alma Laura Hern\u00e1ndez Ampar\u00e1n<\/em><\/p>\n\n\n\n<p>A pesar de las adversidades generadas por la pandemia COVID-19 que provoc\u00f3 que familias vulnerables enfrenten situaciones muy dif\u00edciles, el Sistema DIF Altamira, que preside la Lic. Alma Laura Hern\u00e1ndez Ampar\u00e1n, contin\u00faa trabajando en acciones que mejoran el bienestar saludable de la ciudadan\u00eda.<\/p>\n\n\n\n<p>Ejemplo de ello, es la campa\u00f1a&nbsp;<em>Vivir Sonriendo<\/em>&nbsp;donde personas que por diversas circunstancias han enfrentado malformaciones cong\u00e9nitas o han sobrevivido al c\u00e1ncer de mama, resultan beneficiadas&nbsp; con reconstrucciones o implantes a trav\u00e9s de cirug\u00edas.<\/p>\n\n\n\n<p>En ese sentido, a los infantes Erick de Jes\u00fas Barr\u00f3n Gonz\u00e1lez, de ocho meses, y Diego Alberto Hern\u00e1ndez P\u00e9rez, de cuatro meses, quienes presentan malformaciones gen\u00e9ticas, se les brinda seguimiento m\u00e9dico por parte de la odontopediatra Ogarita Ram\u00edrez Silva, quien colabora con el voluntariado de manera caritativa.<\/p>\n\n\n\n<p>Gracias al apoyo de m\u00e9dicos altruistas como la odontopediatra Ogarita Ram\u00edrez y el cirujano pl\u00e1stico Homero Castillo Carrillo, el Gobierno Municipal de Altamira, que preside la alcaldesa Alma Laura Ampar\u00e1n Cruz, respalda a los ciudadanos de mayor vulnerabilidad con estrategias que hacen posible un bienestar saludable, pero sobre todo, ofreci\u00e9ndoles una atenci\u00f3n m\u00e9dica de calidad.<\/p>\n\n\n\n<p>La labor de los citados doctores ha sido de suma importancia al realizar cirug\u00edas para corregir malformaciones cong\u00e9nitas, as\u00ed como la de reconstrucci\u00f3n post mastectom\u00eda e implantes mamarios.&nbsp;<\/p>\n","protected":false},"excerpt":{"rendered":"<p>*Campa\u00f1a implementada por la presidenta del Sistema DIF municipal, Lic. Alma Laura Hern\u00e1ndez Ampar\u00e1n A pesar de las adversidades generadas por la pandemia COVID-19 que provoc\u00f3 que familias vulnerables enfrenten situaciones muy dif\u00edciles, el Sistema DIF Altamira, que preside la Lic. Alma Laura Hern\u00e1ndez Ampar\u00e1n, contin\u00faa trabajando en acciones que mejoran el bienestar saludable de [&hellip;]<\/p>\n","protected":false},"author":1,"featured_media":5078,"comment_status":"closed","ping_status":"open","sticky":false,"template":"","format":"standard","meta":{"footnotes":""},"categories":[5,2],"tags":[],"class_list":["post-5077","post","type-post","status-publish","format-standard","has-post-thumbnail","hentry","category-altamira","category-zonaconurbada"],"_links":{"self":[{"href":"https:\/\/vocerodelpueblo.com\/index.php?rest_route=\/wp\/v2\/posts\/5077","targetHints":{"allow":["GET"]}}],"collection":[{"href":"https:\/\/vocerodelpueblo.com\/index.php?rest_route=\/wp\/v2\/posts"}],"about":[{"href":"https:\/\/vocerodelpueblo.com\/index.php?rest_route=\/wp\/v2\/types\/post"}],"author":[{"embeddable":true,"href":"https:\/\/vocerodelpueblo.com\/index.php?rest_route=\/wp\/v2\/users\/1"}],"replies":[{"embeddable":true,"href":"https:\/\/vocerodelpueblo.com\/index.php?rest_route=%2Fwp%2Fv2%2Fcomments&post=5077"}],"version-history":[{"count":1,"href":"https:\/\/vocerodelpueblo.com\/index.php?rest_route=\/wp\/v2\/posts\/5077\/revisions"}],"predecessor-version":[{"id":5079,"href":"https:\/\/vocerodelpueblo.com\/index.php?rest_route=\/wp\/v2\/posts\/5077\/revisions\/5079"}],"wp:featuredmedia":[{"embeddable":true,"href":"https:\/\/vocerodelpueblo.com\/index.php?rest_route=\/wp\/v2\/media\/5078"}],"wp:attachment":[{"href":"https:\/\/vocerodelpueblo.com\/index.php?rest_route=%2Fwp%2Fv2%2Fmedia&parent=5077"}],"wp:term":[{"taxonomy":"category","embeddable":true,"href":"https:\/\/vocerodelpueblo.com\/index.php?rest_route=%2Fwp%2Fv2%2Fcategories&post=5077"},{"taxonomy":"post_tag","embeddable":true,"href":"https:\/\/vocerodelpueblo.com\/index.php?rest_route=%2Fwp%2Fv2%2Ftags&post=5077"}],"curies":[{"name":"wp","href":"https:\/\/api.w.org\/{rel}","templated":true}]}}