{"id":5083,"date":"2020-08-18T22:47:09","date_gmt":"2020-08-19T03:47:09","guid":{"rendered":"http:\/\/vocerodelpueblo.com\/?p=5083"},"modified":"2020-08-18T22:47:10","modified_gmt":"2020-08-19T03:47:10","slug":"fortalecen-alma-laura-amparan-y-estado-a-productores-pesqueros","status":"publish","type":"post","link":"https:\/\/vocerodelpueblo.com\/?p=5083","title":{"rendered":"Fortalecen Alma Laura Ampar\u00e1n y Estado a productores pesqueros"},"content":{"rendered":"\n<p class=\"has-normal-font-size\"><em>*La presidenta municipal y el secretario de Pesca y Acuacultura de Tamaulipas, Antonio Garza de Yta, visitaron la granja de tilapia del ejido Cues de Orte\u00f1os<\/em><\/p>\n\n\n\n<p>Fortaleciendo los lazos de colaboraci\u00f3n con el sector pesquero y acu\u00edcola del municipio, la alcaldesa Alma Laura Ampar\u00e1n Cruz, acompa\u00f1ada del secretario de Pesca y Acuacultura del Estado, Antonio Garza de Yta, visit\u00f3 la granja de tilapia ubicada en el ejido Cues de Orte\u00f1os, donde dialog\u00f3 con los productores de esta especie a quienes refrend\u00f3 el absoluto respaldo del Gobierno Municipal de Altamira, as\u00ed como el apoyo incondicional del gobernador Francisco Garc\u00eda Cabeza de Vaca, para consolidar su crecimiento y desarrollo.<\/p>\n\n\n\n<p>Para llegar a esta comunidad situada en la margen del r\u00edo Tames\u00ed, las autoridades se trasladaron en una embarcaci\u00f3n y navegaron a lo largo del sistema lagunario Champay\u00e1n.<\/p>\n\n\n\n<p>La jefa edilicia indic\u00f3 que la pesca y acuacultura son pilares para el desarrollo de esta tierra que es orgullo tamaulipeco, precisando que su gobierno mantiene una estrecha colaboraci\u00f3n con la Secretar\u00eda de Pesca y Acuacultura del Gobierno de Tamaulipas, al igual que con la Secretar\u00eda de Turismo, para impulsar este rubro a trav\u00e9s de programas y acciones que permitan un mayor crecimiento econ\u00f3mico tanto para pescadores como para productores.<\/p>\n\n\n\n<p>\u201cRealizamos esta visita con el objetivo de unir lazos y trabajar en conjunto para las personas y los pescadores que lo requieran y lo necesitan, tenemos que seguir avanzando de esta manera en coordinaci\u00f3n y en equipo con el gobernador de Tamaulipas, Francisco Garc\u00eda Cabeza de Vaca\u201d, se\u00f1al\u00f3 la alcaldesa.&nbsp;<\/p>\n\n\n\n<p>Tras constatar el trabajo que se realiza en esta granja, el secretario estatal de Pesca y Acuacultura, Antonio Garza de Yta detall\u00f3 que la acuacultura es una de las acciones con mayor potencial en la entidad, destacando la gran colaboraci\u00f3n del gobierno de la alcaldesa Alma Laura Ampar\u00e1n para mantener las especies existentes y el crecimiento de las mismas.<\/p>\n\n\n\n<p>\u201cLa idea es que trabajando junto con el municipio y la Secretar\u00eda de Turismo podamos desarrollar no solo la parte productiva, sino tambi\u00e9n la parte tur\u00edstica. En Altamira se producen mil 800 toneladas de pescados y mariscos, aproximadamente 30 millones de pesos en valor\u201d, detall\u00f3.<\/p>\n\n\n\n<p>Tambi\u00e9n acudieron, el subsecretario de Promoci\u00f3n y Desarrollo Tur\u00edstico del Estado, Edgar Sol\u00eds Islas; el secretario de Econom\u00eda de Altamira, Gonzalo Alem\u00e1n Migliolo; el director de Agricultura, Ganader\u00eda y Pesca, Guillermo Ar\u00e9chiga Velasco, as\u00ed como colaboradores de los gobiernos municipal y estatal.\u00a0&#8230; <\/p>\n\n\n\n<div class=\"wp-block-image\"><figure class=\"aligncenter\"><img loading=\"lazy\" decoding=\"async\" width=\"768\" height=\"432\" src=\"https:\/\/vocerodelpueblo.com\/wp-content\/uploads\/2020\/08\/Fortalecen-Alma-Laura-Ampar\u00e1n-y-2.jpeg\" alt=\"\" class=\"wp-image-5085\" srcset=\"https:\/\/vocerodelpueblo.com\/wp-content\/uploads\/2020\/08\/Fortalecen-Alma-Laura-Ampar\u00e1n-y-2.jpeg 768w, https:\/\/vocerodelpueblo.com\/wp-content\/uploads\/2020\/08\/Fortalecen-Alma-Laura-Ampar\u00e1n-y-2-350x197.jpeg 350w, https:\/\/vocerodelpueblo.com\/wp-content\/uploads\/2020\/08\/Fortalecen-Alma-Laura-Ampar\u00e1n-y-2-728x410.jpeg 728w\" sizes=\"auto, (max-width: 768px) 100vw, 768px\" \/><\/figure><\/div>\n","protected":false},"excerpt":{"rendered":"<p>*La presidenta municipal y el secretario de Pesca y Acuacultura de Tamaulipas, Antonio Garza de Yta, visitaron la granja de tilapia del ejido Cues de Orte\u00f1os Fortaleciendo los lazos de colaboraci\u00f3n con el sector pesquero y acu\u00edcola del municipio, la alcaldesa Alma Laura Ampar\u00e1n Cruz, acompa\u00f1ada del secretario de Pesca y Acuacultura del Estado, Antonio [&hellip;]<\/p>\n","protected":false},"author":1,"featured_media":5084,"comment_status":"closed","ping_status":"open","sticky":false,"template":"","format":"standard","meta":{"footnotes":""},"categories":[5,2],"tags":[],"class_list":["post-5083","post","type-post","status-publish","format-standard","has-post-thumbnail","hentry","category-altamira","category-zonaconurbada"],"_links":{"self":[{"href":"https:\/\/vocerodelpueblo.com\/index.php?rest_route=\/wp\/v2\/posts\/5083","targetHints":{"allow":["GET"]}}],"collection":[{"href":"https:\/\/vocerodelpueblo.com\/index.php?rest_route=\/wp\/v2\/posts"}],"about":[{"href":"https:\/\/vocerodelpueblo.com\/index.php?rest_route=\/wp\/v2\/types\/post"}],"author":[{"embeddable":true,"href":"https:\/\/vocerodelpueblo.com\/index.php?rest_route=\/wp\/v2\/users\/1"}],"replies":[{"embeddable":true,"href":"https:\/\/vocerodelpueblo.com\/index.php?rest_route=%2Fwp%2Fv2%2Fcomments&post=5083"}],"version-history":[{"count":1,"href":"https:\/\/vocerodelpueblo.com\/index.php?rest_route=\/wp\/v2\/posts\/5083\/revisions"}],"predecessor-version":[{"id":5086,"href":"https:\/\/vocerodelpueblo.com\/index.php?rest_route=\/wp\/v2\/posts\/5083\/revisions\/5086"}],"wp:featuredmedia":[{"embeddable":true,"href":"https:\/\/vocerodelpueblo.com\/index.php?rest_route=\/wp\/v2\/media\/5084"}],"wp:attachment":[{"href":"https:\/\/vocerodelpueblo.com\/index.php?rest_route=%2Fwp%2Fv2%2Fmedia&parent=5083"}],"wp:term":[{"taxonomy":"category","embeddable":true,"href":"https:\/\/vocerodelpueblo.com\/index.php?rest_route=%2Fwp%2Fv2%2Fcategories&post=5083"},{"taxonomy":"post_tag","embeddable":true,"href":"https:\/\/vocerodelpueblo.com\/index.php?rest_route=%2Fwp%2Fv2%2Ftags&post=5083"}],"curies":[{"name":"wp","href":"https:\/\/api.w.org\/{rel}","templated":true}]}}