{"id":5173,"date":"2020-09-10T12:40:27","date_gmt":"2020-09-10T17:40:27","guid":{"rendered":"http:\/\/vocerodelpueblo.com\/?p=5173"},"modified":"2020-09-11T12:46:00","modified_gmt":"2020-09-11T17:46:00","slug":"altamira-hoy-esta-en-buenas-manos-alma-laura-amparan","status":"publish","type":"post","link":"https:\/\/vocerodelpueblo.com\/?p=5173","title":{"rendered":"\u201cAltamira hoy est\u00e1 en buenas manos\u2019\u2019: Alma Laura Ampar\u00e1n"},"content":{"rendered":"\n<p class=\"has-normal-font-size\"><em>*Rinde alcaldesa Segundo Informe de Gobierno en el que destac\u00f3 las acciones y resultados generados a favor de Altamira y sus ciudadanos<\/em><\/p>\n\n\n\n<p>Encabezando un gobierno que propicia acciones que cuidan a los altamirenses y generan bienestar, la presidenta municipal constitucional de Altamira, Alma Laura Ampar\u00e1n Cruz, rindi\u00f3 su Segundo Informe de Gobierno en acto efectuado en el patio interior de la Presidencia Municipal de Altamira, en el marco de la s\u00e9ptima sesi\u00f3n extraordinaria de cabildo con car\u00e1cter de solemne, donde dio a conocer cada una de las acciones y resultados gestados a favor de la ciudad y sus habitantes, as\u00ed como el avance en el cumplimiento del Plan Municipal de Desarrollo 2018-2021.<\/p>\n\n\n\n<p>El evento fue transmitido a trav\u00e9s de las plataformas digitales oficiales, contando con la presencia del subsecretario de Gobierno, Humberto Zurita Era\u00f1a, representante del gobernador Francisco Garc\u00eda Cabeza de Vaca, indicando la alcaldesa Alma Laura Ampar\u00e1n en su informe que el manejo de finanzas sanas aunado a la responsabilidad financiera, han sido claves en la administraci\u00f3n honesta y transparente que preside y que responde totalmente a la confianza de los ciudadanos, pues en Altamira, por cuarto a\u00f1o consecutivo, se tiene cero deuda p\u00fablica.<\/p>\n\n\n\n<p>Ese adecuado y transparente manejo de los recursos, se refleja en destinar un 74% del presupuesto para el bienestar social y el desarrollo econ\u00f3mico de los altamirenses; \u201cseguimos siendo el municipio de Tamaulipas que mayores recursos destina al bienestar, porque un gobierno eficiente no tiene por qu\u00e9 ser un gobierno costoso. El dinero va a donde tiene que ir: hacia obras y programas que te benefician a ti y a tu familia\u2019\u2019.<\/p>\n\n\n\n<p>\u201cEn Altamira, gobierno y sociedad hemos caminado juntos y nuestros planes y proyectos hoy est\u00e1n en buenas manos. En las colonias, ejidos, comunidades y fraccionamientos hemos realizado un trabajo incansable que nos llena de satisfacciones y que, sin lugar a duda, sigue planteando oportunidades de mejora continua que nos impulsan para hacer m\u00e1s y de manera m\u00e1s eficiente cada una de nuestras labores, para atenderlos como se merecen y con acciones que te cuidan y que generan bienestar\u2019\u2019, mencion\u00f3.<\/p>\n\n\n\n<p>SEGURIDAD Y VIALIDAD<\/p>\n\n\n\n<p>Uniendo fuerzas con SEDENA, Marina, Guardia Nacional y Polic\u00eda Estatal Acreditable, se han fortalecido los programas de prevenci\u00f3n del delito, trabajando directamente con las escuelas, ni\u00f1os y j\u00f3venes, mientras que en la parte operativa, las instituciones de seguridad realizan lo propio para garantizar la paz y la armon\u00eda en nuestro municipio. Gracias a tu respaldo y tu confianza, tenemos una reducci\u00f3n del 26% en los delitos del fuero com\u00fan.<\/p>\n\n\n\n<p>La Encuesta Nacional de Seguridad de este a\u00f1o se\u00f1ala que aument\u00f3 la percepci\u00f3n de seguridad por parte de nuestra poblaci\u00f3n en un 36%. Hoy, en Altamira estamos m\u00e1s seguros y eso se siente.<\/p>\n\n\n\n<p>En el rubro de Tr\u00e1nsito y Vialidad, se han invertido 27.7 millones de pesos destinados a realizar mejoras importantes en calles y avenidas, sumando ya 64 millones de pesos en 4 a\u00f1os de trabajo. Mejores vialidades, mejores equipos para el personal operativo y constantes supervisiones donde aseguramos la honestidad e imparcialidad de nuestros elementos.<\/p>\n\n\n\n<div class=\"wp-block-image\"><figure class=\"aligncenter size-large\"><img loading=\"lazy\" decoding=\"async\" width=\"728\" height=\"410\" src=\"https:\/\/vocerodelpueblo.com\/wp-content\/uploads\/2020\/09\/Altamira-hoy-esta-en-buenas-2-728x410.jpg\" alt=\"\" class=\"wp-image-5175\" srcset=\"https:\/\/vocerodelpueblo.com\/wp-content\/uploads\/2020\/09\/Altamira-hoy-esta-en-buenas-2-728x410.jpg 728w, https:\/\/vocerodelpueblo.com\/wp-content\/uploads\/2020\/09\/Altamira-hoy-esta-en-buenas-2-350x197.jpg 350w, https:\/\/vocerodelpueblo.com\/wp-content\/uploads\/2020\/09\/Altamira-hoy-esta-en-buenas-2.jpg 768w\" sizes=\"auto, (max-width: 728px) 100vw, 728px\" \/><\/figure><\/div>\n\n\n\n<p>INFRAESTRUCTURA HIDR\u00c1ULICA<\/p>\n\n\n\n<p>En la protecci\u00f3n de la vida y el patrimonio de miles de altamirenses, el presupuesto se dirige a obras necesarias para evitar da\u00f1os derivados de inundaciones. En 2 a\u00f1os se han invertido 47.7 millones de pesos en el mejoramiento de la infraestructura pluvial, generando 9 obras y 53 rehabilitaciones que hoy est\u00e1n puestas a su servicio y que se suman a las acciones constantes para mantener limpios los drenes y canales de nuestra ciudad.<\/p>\n\n\n\n<p>DESARROLLO Y SERVICIOS P\u00daBLICOS<br>Altamira crece con el bienestar y prosperidad de sus habitantes y en 2 a\u00f1os de buen gobierno, se han generado 253 licencias de construcci\u00f3n representando una inversi\u00f3n estimada en nuestra ciudad de m\u00e1s de 3 mil 900 millones de pesos, m\u00e1s de medio mill\u00f3n de metros cuadrados de nuevas construcciones. As\u00ed es el tama\u00f1o de la confianza de quienes invierten y creen en Altamira.<\/p>\n\n\n\n<p>En Servicios P\u00fablicos se asignaron 73.5 millones de pesos a junio de 2020 para la operaci\u00f3n y conservaci\u00f3n del alumbrado que significan nuevas redes, reparaci\u00f3n de luminarias y sustituci\u00f3n de l\u00e1mparas por equipos con tecnolog\u00eda LED. Son 4,749 modernas luminarias las instaladas para generar un Altamira mejor iluminado, un Altamira m\u00e1s seguro.<\/p>\n\n\n\n<p>En aseo p\u00fablico, se cuenta con 35 camiones recolectores puestos al servicio de todos, recolect\u00e1ndose 163 toneladas de basura diarias, lo que representa un incremento del 7.4 por ciento en el lapso de 2 a\u00f1os. Hoy recolectamos m\u00e1s porque se recolecta mejor.<\/p>\n\n\n\n<p>Somos un gobierno que se enfoca en transformar a nuestra ciudad en todos los \u00e1mbitos y hemos logrado una obra p\u00fablica sin precedentes, con inversiones de 634.4 millones de pesos traducidos en 1,130 acciones desde hace ya cuatro a\u00f1os. Tan s\u00f3lo en la actual administraci\u00f3n, en estos 2 a\u00f1os se han concretado 572 obras de pavimentaci\u00f3n, construcci\u00f3n y mantenimiento de vialidades, obras de agua potable y drenaje sanitario, guarniciones y banquetas, instalaciones deportivas, redes de alumbrado y energ\u00eda el\u00e9ctrica, drenes y nuevos edificios p\u00fablicos, as\u00ed como la construcci\u00f3n de la Casa del Adulto Mayor, en Estaci\u00f3n Colonia, hasta donde llegan nuestras acciones de todo coraz\u00f3n por los abuelitos junto con nuestro aprecio, respeto y cari\u00f1o.<\/p>\n\n\n\n<p>En Desarrollo Econ\u00f3mico, encontramos nuevas vocaciones para nuestra industria, ocupando un sitio muy importante en la escena energ\u00e9tica nacional. Actualmente se aporta el 55% de la energ\u00eda en el Estado y el 6.7% a nivel nacional. Altamira es una ciudad de vanguardia, que se destaca como la principal generadora de energ\u00eda en el Estado, y es, adem\u00e1s, un punto estrat\u00e9gico de entrada de materiales para la instalaci\u00f3n de la industria el\u00e9ctrica renovable.<\/p>\n\n\n\n<p>A trav\u00e9s del Puerto de Altamira se ha recibido una gran cantidad de componentes para la industria de generaci\u00f3n e\u00f3lica. Prueba de ello, es que durante los pr\u00f3ximos 12 meses se tiene contemplado que ingresen 2,275 piezas que ser\u00e1n utilizadas en la construcci\u00f3n de 412 nuevas torres e\u00f3licas; muchas de ellas estar\u00e1n siendo instaladas en nuestro Estado y formar\u00e1n parte de proyectos l\u00edderes y referentes del sector energ\u00e9tico a nivel mundial.<\/p>\n\n\n\n<p>Igualmente, aqu\u00ed se encuentran dos compa\u00f1\u00edas que se dedican a la construcci\u00f3n de plataformas y generaci\u00f3n de distintos proyectos para el sector petrolero: Mc Dermott y Dragados Offshore, que cuentan con mano de obra calificada para participar en proyectos nacionales e internacionales, que han sido construidas en nuestro territorio.<\/p>\n\n\n\n<p>La vinculaci\u00f3n puerto-ciudad se fortalece d\u00eda con d\u00eda y nos convierte en aportantes del 4.1 por ciento del ingreso nacional por concepto de IVA. Para situarnos en contexto, estamos hablando de un valor comercial internacional de 6 BILLONES DE PESOS; as\u00ed es el tama\u00f1o de nuestra econom\u00eda portuaria.<\/p>\n\n\n\n<p>CONTIGENCIA SANITARIA POR CORONAVIRUS<\/p>\n\n\n\n<p>Atendiendo la gu\u00eda del gobernador Francisco Garc\u00eda Cabeza de Vaca y el gran equipo de la Secretar\u00eda de Salud estatal, desde los primeros momentos de la contingencia se puso en marcha un plan estricto de atenci\u00f3n, prevenci\u00f3n y concientizaci\u00f3n, donde la ciudadan\u00eda ha sido un factor clave para contener, en la medida de lo posible, la extensi\u00f3n de la emergencia.<\/p>\n\n\n\n<p>En ese sentido, se monitorearon a detalle los casos, se generaron consultas m\u00e9dicas y se tomaron decisiones oportunas para proteger a nuestro personal en todas las dependencias de Gobierno sin detener nuestro trabajo. Adapt\u00e1ndonos a las circunstancias, se generaron esquemas nunca antes vistos y constituimos un Comit\u00e9 T\u00e9cnico realizando acciones muy puntuales, adem\u00e1s de que se gestionaron apoyos directos, sanitizaci\u00f3n de instalaciones p\u00fablicas, calles y veh\u00edculos, reforz\u00e1ndose tambi\u00e9n la descacharrizaci\u00f3n y fumigaci\u00f3n para hacer frente simult\u00e1neo a las enfermedades de temporada.<\/p>\n\n\n\n<p>De igual manera, se entregaron cubre-bocas y se instalaron filtros sanitarios en las zonas de m\u00e1s alto impacto; se perifone\u00f3 y distribuy\u00f3 informaci\u00f3n impresa junto con m\u00faltiples mensajes en los medios de comunicaci\u00f3n y redes sociales para dar a conocer las medidas de prevenci\u00f3n necesarias adem\u00e1s de lanzar la campa\u00f1a \u201cPong\u00e1mosle un Alto al COVID\u201d, uniendo as\u00ed nuestros esfuerzos con toda la ciudadan\u00eda.<\/p>\n\n\n\n<p>La jefa edilicia tambi\u00e9n destac\u00f3 la labor hecha en el rubro de Educaci\u00f3n con la realizaci\u00f3n de obras de infraestructura educativa donde se han destinado 142.2 millones de pesos, becas a 3,397 estudiantes, m\u00e1s de 10 mil alumnos beneficiados con el Ciclo Municipal Educativo; adem\u00e1s del desarrollo de programas como el de Omega 3 donde se entreg\u00f3 a la poblaci\u00f3n vulnerable m\u00e1s de 50 toneladas de pescado procesado de la mejor calidad, mientras que el Sistema DIF, que preside la Lic. Alma Laura Hern\u00e1ndez Ampar\u00e1n, ha ejercido desde 2018 a la fecha, 247 millones de pesos, el presupuesto m\u00e1s alto destinado a este organismo en todo el Estado para atender siempre con una sonrisa a las familias, a los ni\u00f1os, a los j\u00f3venes, adultos mayores y personas con discapacidad.<\/p>\n\n\n\n<p>\u201cAs\u00ed trabajamos en Altamira, logrando un verdadero bienestar para las familias, j\u00f3venes, adultos mayores, para todos, y especialmente para las mujeres quienes reciben apoyos en salud, capacitaci\u00f3n y opciones de autoempleo en las zonas urbana y rural. Hoy tenemos programas que atienden y protegen como nunca antes a la mujer porque estamos tomando nuestro sitio y haciendo que nuestra voz se escuche como ejes de la familia, pero tambi\u00e9n como constructoras de nuestro propio porvenir\u2019\u2019, expres\u00f3.<\/p>\n\n\n\n<p>Ampar\u00e1n Cruz agradeci\u00f3 y reconoci\u00f3 la labor de la SEDENA, SEMAR, Guardia Nacional y PEA por estar siempre al servicio de los altamirenses y tamaulipecos, as\u00ed como a todo el personal de Salud por su heroico trabajo en esta contingencia sanitaria a causa del COVID-19, demostrando adem\u00e1s su respaldo a las familias que cuentan con un familiar enfermo o que lo han perdido a causa de esta enfermedad.<\/p>\n\n\n\n<p>\u201cAs\u00ed es el nuevo rostro de Altamira: una ciudad que crece y se transforma. Muchas gracias por construir juntos las acciones que te cuidan y las acciones que generan bienestar. Vamos por muy buen camino: el del progreso y desarrollo, y de la mano con ustedes, respaldando nuestro trabajo, avanzamos a paso firme para seguir siendo una ciudad que es Orgullo de Tamaulipas\u2019\u2019.<\/p>\n\n\n\n<p>Por su parte, en representaci\u00f3n del gobernador, Francisco Garc\u00eda Cabeza de Vaca, el subsecretario de Gobierno, Humberto Zurita Era\u00f1a, reconoci\u00f3 el trabajo realizado por la alcaldesa Alma Laura Ampar\u00e1n Cruz, construyendo junto con el Gobierno de Tamaulipas un mejor futuro para Altamira.<br>\u201cA nombre del gobernador felicito a la presidenta Alma Laura Ampar\u00e1n Cruz, por los importantes resultados alcanzados durante su gesti\u00f3n de gobierno. Unidos sigamos avanzando, muchas felicidades Altamira\u201d, dijo.<\/p>\n\n\n\n<p>Con el uso de la tecnolog\u00eda, presenciaron este informe de labores, el presidente del CDE del PAN, Luis Ren\u00e9 Cant\u00fa Galv\u00e1n; los presidentes municipales de Tampico y Madero, Jes\u00fas Nader Nasrallah, y Adri\u00e1n Oseguera Kernion, respectivamente; representantes de las fuerzas armadas, diputados del Congreso de Tamaulipas, dirigentes empresariales, y representantes de la sociedad civil.<\/p>\n\n\n\n<div class=\"wp-block-image\"><figure class=\"aligncenter size-full\"><img loading=\"lazy\" decoding=\"async\" width=\"768\" height=\"576\" src=\"https:\/\/vocerodelpueblo.com\/wp-content\/uploads\/2020\/09\/Altamira-hoy-esta-en-buenas-3.jpg\" alt=\"\" class=\"wp-image-5176\" srcset=\"https:\/\/vocerodelpueblo.com\/wp-content\/uploads\/2020\/09\/Altamira-hoy-esta-en-buenas-3.jpg 768w, https:\/\/vocerodelpueblo.com\/wp-content\/uploads\/2020\/09\/Altamira-hoy-esta-en-buenas-3-350x263.jpg 350w, https:\/\/vocerodelpueblo.com\/wp-content\/uploads\/2020\/09\/Altamira-hoy-esta-en-buenas-3-561x421.jpg 561w\" sizes=\"auto, (max-width: 768px) 100vw, 768px\" \/><\/figure><\/div>\n","protected":false},"excerpt":{"rendered":"<p>*Rinde alcaldesa Segundo Informe de Gobierno en el que destac\u00f3 las acciones y resultados generados a favor de Altamira y sus ciudadanos Encabezando un gobierno que propicia acciones que cuidan a los altamirenses y generan bienestar, la presidenta municipal constitucional de Altamira, Alma Laura Ampar\u00e1n Cruz, rindi\u00f3 su Segundo Informe de Gobierno en acto efectuado [&hellip;]<\/p>\n","protected":false},"author":1,"featured_media":5174,"comment_status":"closed","ping_status":"open","sticky":false,"template":"","format":"standard","meta":{"footnotes":""},"categories":[5,2],"tags":[],"class_list":["post-5173","post","type-post","status-publish","format-standard","has-post-thumbnail","hentry","category-altamira","category-zonaconurbada"],"_links":{"self":[{"href":"https:\/\/vocerodelpueblo.com\/index.php?rest_route=\/wp\/v2\/posts\/5173","targetHints":{"allow":["GET"]}}],"collection":[{"href":"https:\/\/vocerodelpueblo.com\/index.php?rest_route=\/wp\/v2\/posts"}],"about":[{"href":"https:\/\/vocerodelpueblo.com\/index.php?rest_route=\/wp\/v2\/types\/post"}],"author":[{"embeddable":true,"href":"https:\/\/vocerodelpueblo.com\/index.php?rest_route=\/wp\/v2\/users\/1"}],"replies":[{"embeddable":true,"href":"https:\/\/vocerodelpueblo.com\/index.php?rest_route=%2Fwp%2Fv2%2Fcomments&post=5173"}],"version-history":[{"count":1,"href":"https:\/\/vocerodelpueblo.com\/index.php?rest_route=\/wp\/v2\/posts\/5173\/revisions"}],"predecessor-version":[{"id":5177,"href":"https:\/\/vocerodelpueblo.com\/index.php?rest_route=\/wp\/v2\/posts\/5173\/revisions\/5177"}],"wp:featuredmedia":[{"embeddable":true,"href":"https:\/\/vocerodelpueblo.com\/index.php?rest_route=\/wp\/v2\/media\/5174"}],"wp:attachment":[{"href":"https:\/\/vocerodelpueblo.com\/index.php?rest_route=%2Fwp%2Fv2%2Fmedia&parent=5173"}],"wp:term":[{"taxonomy":"category","embeddable":true,"href":"https:\/\/vocerodelpueblo.com\/index.php?rest_route=%2Fwp%2Fv2%2Fcategories&post=5173"},{"taxonomy":"post_tag","embeddable":true,"href":"https:\/\/vocerodelpueblo.com\/index.php?rest_route=%2Fwp%2Fv2%2Ftags&post=5173"}],"curies":[{"name":"wp","href":"https:\/\/api.w.org\/{rel}","templated":true}]}}