{"id":5211,"date":"2020-09-21T13:21:16","date_gmt":"2020-09-21T18:21:16","guid":{"rendered":"http:\/\/vocerodelpueblo.com\/?p=5211"},"modified":"2020-09-24T13:23:16","modified_gmt":"2020-09-24T18:23:16","slug":"entregan-equipo-de-seguridad-a-policias-y-personal-de-pc","status":"publish","type":"post","link":"https:\/\/vocerodelpueblo.com\/?p=5211","title":{"rendered":"ENTREGAN EQUIPO DE SEGURIDAD A POLICIAS Y PERSONAL DE PC"},"content":{"rendered":"\n<p>Unidos para Mejorar Chontla<br><\/p>\n\n\n\n<div class=\"wp-block-image\"><figure class=\"alignright size-large\"><img loading=\"lazy\" decoding=\"async\" width=\"368\" height=\"335\" src=\"https:\/\/vocerodelpueblo.com\/wp-content\/uploads\/2020\/09\/chontlecos.jpg\" alt=\"\" class=\"wp-image-5205\" srcset=\"https:\/\/vocerodelpueblo.com\/wp-content\/uploads\/2020\/09\/chontlecos.jpg 368w, https:\/\/vocerodelpueblo.com\/wp-content\/uploads\/2020\/09\/chontlecos-350x319.jpg 350w\" sizes=\"auto, (max-width: 368px) 100vw, 368px\" \/><\/figure><\/div>\n\n\n\n<p>El alcalde Ing. Eric Abraham Sosa Mar reconoci\u00f3 la valiosa labor de los servidores p\u00fablicos.<br><\/p>\n\n\n\n<p>CHONTLA, Ver. \u2013 En solemne ceremonia efectuada en la plaza principal, el H. Ayuntamiento Constitucional encabezado por el alcalde Ing. Eric Abraham Sosa Mar, hizo entrega de equipo de seguridad para la polic\u00eda municipal y el personal de Protecci\u00f3n Civil, en un esfuerzo m\u00e1s por brindar mejores servicios a la poblaci\u00f3n.<\/p>\n\n\n\n<p>Dicho acto se llev\u00f3 a cabo con la presencia de la s\u00edndica \u00fanica municipal, Ing. Estefan\u00eda Tena Sosa; regidora \u00fanica Minerva del Rosal Mar y la Presidenta del Sistema DIF, Lic. Martha Yuliana Mar Avil\u00e9s, quienes participaron en la ceremonia de entrega \u2013 recepci\u00f3n de dichos insumos adquiridos por la Comuna.<\/p>\n\n\n\n<p>Mochilas, chalecos antibalas, botiquines con materiales para primeros auxilios y otros implementos fueron entregados a los uniformados, con el firme prop\u00f3sito de que contin\u00faen desarrollando su valiosa labor en pro de la seguridad de los chontlenses.<\/p>\n\n\n\n<p>En su mensaje, el alcalde destac\u00f3 que en su gobierno la seguridad es un rubro de gran importancia, por lo que brinda constante capacitaci\u00f3n a los agentes del orden, a fin de que puedan tener las herramientas necesarias para su mejor desempe\u00f1o.<\/p>\n\n\n\n<p>Destac\u00f3 el esp\u00edritu de servicio de los polic\u00edas, pues adem\u00e1s de garantizar la paz y tranquilidad de los ciudadanos, apoyan a las autoridades municipales con otras tareas.<\/p>\n\n\n\n<p>Hizo ver que con motivo de la emergencia sanitaria por el coronavirus, los uniformados se han sumado a las acciones del Sector Salud, en los puestos de revisi\u00f3n y en m\u00f3dulos de orientaci\u00f3n p\u00fablica, dando seguridad y certeza en este rubro.<\/p>\n\n\n\n<p>&nbsp;El mandatario municipal hizo un reconocimiento a los agentes del orden, ya que Chontla es un lugar tranquilo y seguro, al disminuir los delitos en general.<\/p>\n\n\n\n<p>De igual modo, ponder\u00f3 la labor que vienen realizando los elementos de Protecci\u00f3n Civil, quienes siempre est\u00e1n alertas ante cualquier contingencia que se pudiera presentar.<\/p>\n\n\n\n<p>Precis\u00f3 que en esta temporada de huracanes, lluvias e inundaciones, se han tomado las medidas necesarias para evitar accidentes y cuidar la integridad de las familias m\u00e1s vulnerables.<\/p>\n\n\n\n<p>En este sentido, dijo, se trabaja en coordinaci\u00f3n con la Secretar\u00eda de Protecci\u00f3n Civil del Estado para implementar acciones y programas tendientes a preservar las vidas y el patrimonio de las familias, durante situaciones de emergencia por fen\u00f3menos hidrometeorol\u00f3gicos, aplicando planes y estrategias de probada eficacia, con el valioso apoyo de la Federaci\u00f3n, SEDENA, SEMAR, Sector Salud y diversas<\/p>\n\n\n\n<div class=\"wp-block-image\"><figure class=\"aligncenter size-large\"><img loading=\"lazy\" decoding=\"async\" width=\"728\" height=\"410\" src=\"https:\/\/vocerodelpueblo.com\/wp-content\/uploads\/2020\/09\/ENTREGAN-EQUIPO-DE-SEGURID-2-728x410.jpg\" alt=\"\" class=\"wp-image-5213\" srcset=\"https:\/\/vocerodelpueblo.com\/wp-content\/uploads\/2020\/09\/ENTREGAN-EQUIPO-DE-SEGURID-2-728x410.jpg 728w, https:\/\/vocerodelpueblo.com\/wp-content\/uploads\/2020\/09\/ENTREGAN-EQUIPO-DE-SEGURID-2-350x197.jpg 350w, https:\/\/vocerodelpueblo.com\/wp-content\/uploads\/2020\/09\/ENTREGAN-EQUIPO-DE-SEGURID-2.jpg 768w\" sizes=\"auto, (max-width: 728px) 100vw, 728px\" \/><\/figure><\/div>\n","protected":false},"excerpt":{"rendered":"<p>Unidos para Mejorar Chontla El alcalde Ing. Eric Abraham Sosa Mar reconoci\u00f3 la valiosa labor de los servidores p\u00fablicos. CHONTLA, Ver. \u2013 En solemne ceremonia efectuada en la plaza principal, el H. Ayuntamiento Constitucional encabezado por el alcalde Ing. Eric Abraham Sosa Mar, hizo entrega de equipo de seguridad para la polic\u00eda municipal y el [&hellip;]<\/p>\n","protected":false},"author":1,"featured_media":5212,"comment_status":"closed","ping_status":"open","sticky":false,"template":"","format":"standard","meta":{"footnotes":""},"categories":[6,10],"tags":[],"class_list":["post-5211","post","type-post","status-publish","format-standard","has-post-thumbnail","hentry","category-norte-de-veracruz","category-veracruz"],"_links":{"self":[{"href":"https:\/\/vocerodelpueblo.com\/index.php?rest_route=\/wp\/v2\/posts\/5211","targetHints":{"allow":["GET"]}}],"collection":[{"href":"https:\/\/vocerodelpueblo.com\/index.php?rest_route=\/wp\/v2\/posts"}],"about":[{"href":"https:\/\/vocerodelpueblo.com\/index.php?rest_route=\/wp\/v2\/types\/post"}],"author":[{"embeddable":true,"href":"https:\/\/vocerodelpueblo.com\/index.php?rest_route=\/wp\/v2\/users\/1"}],"replies":[{"embeddable":true,"href":"https:\/\/vocerodelpueblo.com\/index.php?rest_route=%2Fwp%2Fv2%2Fcomments&post=5211"}],"version-history":[{"count":1,"href":"https:\/\/vocerodelpueblo.com\/index.php?rest_route=\/wp\/v2\/posts\/5211\/revisions"}],"predecessor-version":[{"id":5214,"href":"https:\/\/vocerodelpueblo.com\/index.php?rest_route=\/wp\/v2\/posts\/5211\/revisions\/5214"}],"wp:featuredmedia":[{"embeddable":true,"href":"https:\/\/vocerodelpueblo.com\/index.php?rest_route=\/wp\/v2\/media\/5212"}],"wp:attachment":[{"href":"https:\/\/vocerodelpueblo.com\/index.php?rest_route=%2Fwp%2Fv2%2Fmedia&parent=5211"}],"wp:term":[{"taxonomy":"category","embeddable":true,"href":"https:\/\/vocerodelpueblo.com\/index.php?rest_route=%2Fwp%2Fv2%2Fcategories&post=5211"},{"taxonomy":"post_tag","embeddable":true,"href":"https:\/\/vocerodelpueblo.com\/index.php?rest_route=%2Fwp%2Fv2%2Ftags&post=5211"}],"curies":[{"name":"wp","href":"https:\/\/api.w.org\/{rel}","templated":true}]}}