{"id":5218,"date":"2020-09-23T13:24:52","date_gmt":"2020-09-23T18:24:52","guid":{"rendered":"http:\/\/vocerodelpueblo.com\/?p=5218"},"modified":"2020-09-24T13:26:15","modified_gmt":"2020-09-24T18:26:15","slug":"beneficia-gobierno-de-altamira-con-apoyos-alimenticios-a-familias-vulnerables","status":"publish","type":"post","link":"https:\/\/vocerodelpueblo.com\/?p=5218","title":{"rendered":"Beneficia Gobierno de Altamira con apoyos alimenticios a familias vulnerables"},"content":{"rendered":"\n<p><\/p>\n\n\n\n<p>*La alcaldesa Alma Laura Ampar\u00e1n traslad\u00f3 estos beneficios a la zona rural del municipio<\/p>\n\n\n\n<p>Como muestra del importante apoyo que brinda el Gobierno Municipal de Altamira a la ciudadan\u00eda que habita en zonas de atenci\u00f3n prioritarias, la alcaldesa Alma Laura Ampar\u00e1n Cruz, llev\u00f3 a cabo la entrega&nbsp;de&nbsp;despensas&nbsp;a familias de la zona rural de este municipio.<\/p>\n\n\n\n<p>En primera instancia, la jefa edilicia distribuy\u00f3 estos beneficios casa por casa en la congregaci\u00f3n \u201cLas 3 B\u201d, con la finalidad de apoyar la econom\u00eda familiar ante la contingencia sanitaria derivada del COVID 19, que afecta a todos los sectores de la sociedad.<\/p>\n\n\n\n<p>La alcaldesa se\u00f1al\u00f3 que este apoyo permitir\u00e1 a los ciudadanos beneficiados afrontar de mejor manera la crisis econ\u00f3mica, reafirmando el compromiso del Gobierno Municipal y del Sistema DIF, con los sectores m\u00e1s vulnerables.<\/p>\n\n\n\n<p>\u201cReafirmamos nuestro compromiso de parte del Sistema DIF y el municipio; estamos con las familias de estos ejidos entregando despensas tanto a adultos mayores como a la ciudadan\u00eda en general, y as\u00ed seguiremos beneficiando a todos los sectores\u201d, refiri\u00f3.<\/p>\n\n\n\n<p>Posteriormente la alcaldesa entreg\u00f3 paquetes con productos de la canasta b\u00e1sica a los ejidos \u201cVuelta de las Yeguas\u201d y \u201cProvidencia y Naranjo\u201d, as\u00ed como en la congregaci\u00f3n \u201cEl Chapapote\u201d, fortaleciendo la econom\u00eda de las familias de estos sectores.<\/p>\n\n\n\n<p>Tambi\u00e9n participaron el secretario de Bienestar Social, Alfredo Polanco Aguilar, as\u00ed como colaboradores del Sistema DIF Altamira. &nbsp;<\/p>\n","protected":false},"excerpt":{"rendered":"<p>*La alcaldesa Alma Laura Ampar\u00e1n traslad\u00f3 estos beneficios a la zona rural del municipio Como muestra del importante apoyo que brinda el Gobierno Municipal de Altamira a la ciudadan\u00eda que habita en zonas de atenci\u00f3n prioritarias, la alcaldesa Alma Laura Ampar\u00e1n Cruz, llev\u00f3 a cabo la entrega&nbsp;de&nbsp;despensas&nbsp;a familias de la zona rural de este municipio. [&hellip;]<\/p>\n","protected":false},"author":1,"featured_media":5219,"comment_status":"closed","ping_status":"open","sticky":false,"template":"","format":"standard","meta":{"footnotes":""},"categories":[5,2],"tags":[],"class_list":["post-5218","post","type-post","status-publish","format-standard","has-post-thumbnail","hentry","category-altamira","category-zonaconurbada"],"_links":{"self":[{"href":"https:\/\/vocerodelpueblo.com\/index.php?rest_route=\/wp\/v2\/posts\/5218","targetHints":{"allow":["GET"]}}],"collection":[{"href":"https:\/\/vocerodelpueblo.com\/index.php?rest_route=\/wp\/v2\/posts"}],"about":[{"href":"https:\/\/vocerodelpueblo.com\/index.php?rest_route=\/wp\/v2\/types\/post"}],"author":[{"embeddable":true,"href":"https:\/\/vocerodelpueblo.com\/index.php?rest_route=\/wp\/v2\/users\/1"}],"replies":[{"embeddable":true,"href":"https:\/\/vocerodelpueblo.com\/index.php?rest_route=%2Fwp%2Fv2%2Fcomments&post=5218"}],"version-history":[{"count":1,"href":"https:\/\/vocerodelpueblo.com\/index.php?rest_route=\/wp\/v2\/posts\/5218\/revisions"}],"predecessor-version":[{"id":5220,"href":"https:\/\/vocerodelpueblo.com\/index.php?rest_route=\/wp\/v2\/posts\/5218\/revisions\/5220"}],"wp:featuredmedia":[{"embeddable":true,"href":"https:\/\/vocerodelpueblo.com\/index.php?rest_route=\/wp\/v2\/media\/5219"}],"wp:attachment":[{"href":"https:\/\/vocerodelpueblo.com\/index.php?rest_route=%2Fwp%2Fv2%2Fmedia&parent=5218"}],"wp:term":[{"taxonomy":"category","embeddable":true,"href":"https:\/\/vocerodelpueblo.com\/index.php?rest_route=%2Fwp%2Fv2%2Fcategories&post=5218"},{"taxonomy":"post_tag","embeddable":true,"href":"https:\/\/vocerodelpueblo.com\/index.php?rest_route=%2Fwp%2Fv2%2Ftags&post=5218"}],"curies":[{"name":"wp","href":"https:\/\/api.w.org\/{rel}","templated":true}]}}