{"id":5225,"date":"2020-09-28T22:37:12","date_gmt":"2020-09-29T03:37:12","guid":{"rendered":"http:\/\/vocerodelpueblo.com\/?p=5225"},"modified":"2020-10-06T22:38:15","modified_gmt":"2020-10-07T03:38:15","slug":"renueva-gobierno-de-altamira-alumbrado-en-comunidades","status":"publish","type":"post","link":"https:\/\/vocerodelpueblo.com\/?p=5225","title":{"rendered":"Renueva Gobierno de Altamira alumbrado en comunidades"},"content":{"rendered":"\n<p><\/p>\n\n\n\n<p>*Garantizando mayor certidumbre a decenas de familias<\/p>\n\n\n\n<p>El Gobierno Municipal de Altamira que encabeza la presidenta Alma Laura Ampar\u00e1n Cruz, contin\u00faa trabajando intensamente para garantizar condiciones de bienestar en cada sector del municipio.<\/p>\n\n\n\n<p>Muestra de ello, es la modernizaci\u00f3n del alumbrado p\u00fablico en la zona rural, mediante la instalaci\u00f3n de luminarias de tecnolog\u00eda LED, con lo cual, se brinda mayor certidumbre a la poblaci\u00f3n logrando calles y espacios p\u00fablicos bien iluminados.<\/p>\n\n\n\n<p>En esta ocasi\u00f3n, la jefa edilicia, acompa\u00f1ada por la presidenta del Sistema DIF Altamira, Lic. Alma Laura Hern\u00e1ndez Ampar\u00e1n, entreg\u00f3 vales para la instalaci\u00f3n de l\u00e1mparas LED en los ejidos: El Fuerte, Cervantes, Tres de Mayo, y L\u00e1zaro C\u00e1rdenas, as\u00ed como en Estaci\u00f3n Colonia.<\/p>\n\n\n\n<p>\u201cEstamos entregando l\u00e1mparas de tecnolog\u00eda LED, esto lo estamos haciendo en toda la zona rural porque un Altamira bien iluminado es un Altamira m\u00e1s seguro\u201d, se\u00f1al\u00f3 la alcaldesa.<\/p>\n\n\n\n<p>De igual forma se benefici\u00f3 con nuevas luminarias a los ejidos Santa Juana, Graneros del Sur, y Jos\u00e9 Mar\u00eda Luis Mora \u201cLas Margaritas\u201d.<\/p>\n\n\n\n<p>Participaron en esta entrega, la diputada por el distrito XIX del Congreso de Tamaulipas, Karla Mar\u00eda Mar Loredo; el secretario de Bienestar Social, Alfredo Polanco Aguilar, y el titular de Servicios P\u00fablicos, Armando Olvera P\u00e9rez.<\/p>\n\n\n\n<div class=\"wp-block-image\"><figure class=\"aligncenter size-large\"><img loading=\"lazy\" decoding=\"async\" width=\"728\" height=\"410\" src=\"https:\/\/vocerodelpueblo.com\/wp-content\/uploads\/2020\/10\/Renueva-Gobierno-de-Altamira-alumb-1-728x410.jpeg\" alt=\"\" class=\"wp-image-5226\" srcset=\"https:\/\/vocerodelpueblo.com\/wp-content\/uploads\/2020\/10\/Renueva-Gobierno-de-Altamira-alumb-1-728x410.jpeg 728w, https:\/\/vocerodelpueblo.com\/wp-content\/uploads\/2020\/10\/Renueva-Gobierno-de-Altamira-alumb-1-350x197.jpeg 350w, https:\/\/vocerodelpueblo.com\/wp-content\/uploads\/2020\/10\/Renueva-Gobierno-de-Altamira-alumb-1.jpeg 768w\" sizes=\"auto, (max-width: 728px) 100vw, 728px\" \/><\/figure><\/div>\n","protected":false},"excerpt":{"rendered":"<p>*Garantizando mayor certidumbre a decenas de familias El Gobierno Municipal de Altamira que encabeza la presidenta Alma Laura Ampar\u00e1n Cruz, contin\u00faa trabajando intensamente para garantizar condiciones de bienestar en cada sector del municipio. Muestra de ello, es la modernizaci\u00f3n del alumbrado p\u00fablico en la zona rural, mediante la instalaci\u00f3n de luminarias de tecnolog\u00eda LED, con [&hellip;]<\/p>\n","protected":false},"author":1,"featured_media":5227,"comment_status":"closed","ping_status":"open","sticky":false,"template":"","format":"standard","meta":{"footnotes":""},"categories":[5,2],"tags":[],"class_list":["post-5225","post","type-post","status-publish","format-standard","has-post-thumbnail","hentry","category-altamira","category-zonaconurbada"],"_links":{"self":[{"href":"https:\/\/vocerodelpueblo.com\/index.php?rest_route=\/wp\/v2\/posts\/5225","targetHints":{"allow":["GET"]}}],"collection":[{"href":"https:\/\/vocerodelpueblo.com\/index.php?rest_route=\/wp\/v2\/posts"}],"about":[{"href":"https:\/\/vocerodelpueblo.com\/index.php?rest_route=\/wp\/v2\/types\/post"}],"author":[{"embeddable":true,"href":"https:\/\/vocerodelpueblo.com\/index.php?rest_route=\/wp\/v2\/users\/1"}],"replies":[{"embeddable":true,"href":"https:\/\/vocerodelpueblo.com\/index.php?rest_route=%2Fwp%2Fv2%2Fcomments&post=5225"}],"version-history":[{"count":1,"href":"https:\/\/vocerodelpueblo.com\/index.php?rest_route=\/wp\/v2\/posts\/5225\/revisions"}],"predecessor-version":[{"id":5228,"href":"https:\/\/vocerodelpueblo.com\/index.php?rest_route=\/wp\/v2\/posts\/5225\/revisions\/5228"}],"wp:featuredmedia":[{"embeddable":true,"href":"https:\/\/vocerodelpueblo.com\/index.php?rest_route=\/wp\/v2\/media\/5227"}],"wp:attachment":[{"href":"https:\/\/vocerodelpueblo.com\/index.php?rest_route=%2Fwp%2Fv2%2Fmedia&parent=5225"}],"wp:term":[{"taxonomy":"category","embeddable":true,"href":"https:\/\/vocerodelpueblo.com\/index.php?rest_route=%2Fwp%2Fv2%2Fcategories&post=5225"},{"taxonomy":"post_tag","embeddable":true,"href":"https:\/\/vocerodelpueblo.com\/index.php?rest_route=%2Fwp%2Fv2%2Ftags&post=5225"}],"curies":[{"name":"wp","href":"https:\/\/api.w.org\/{rel}","templated":true}]}}