{"id":5250,"date":"2020-10-09T21:31:29","date_gmt":"2020-10-10T02:31:29","guid":{"rendered":"http:\/\/vocerodelpueblo.com\/?p=5250"},"modified":"2020-10-09T21:31:31","modified_gmt":"2020-10-10T02:31:31","slug":"dif-altamira-entrega-apoyos-a-personas-vulnerables-en-el-ejido-mata-del-abra","status":"publish","type":"post","link":"https:\/\/vocerodelpueblo.com\/?p=5250","title":{"rendered":"DIF Altamira entrega apoyos a personas vulnerables en el ejido Mata del Abra"},"content":{"rendered":"\n<p><\/p>\n\n\n\n<p>*La presidenta del voluntariado Alma Laura Hern\u00e1ndez Ampar\u00e1n, tambi\u00e9n benefici\u00f3 a ni\u00f1os y j\u00f3venes estudiantes<\/p>\n\n\n\n<p>La presidenta del Sistema DIF Altamira, Lic. Alma Laura Hern\u00e1ndez Ampar\u00e1n, contin\u00faa recorriendo la zona ejidal del municipio, destinando importantes apoyos a personas que enfrentan alguna discapacidad motriz.<\/p>\n\n\n\n<p>En el ejido Mata del Abra la presidenta del voluntariado otorg\u00f3 aparatos funcionales a quienes as\u00ed lo necesitan, gracias a la gesti\u00f3n del \u00e1rea de trabajo social del Sistema para el Desarrollo Integral de la Familia.<\/p>\n\n\n\n<p>La se\u00f1ora Juana M\u00e9ndez Castillo recibi\u00f3 una dotaci\u00f3n de pa\u00f1ales; por su parte el se\u00f1or Octavio Cruz Salda\u00f1a, fue beneficiado con un par de muletas, mientras que el se\u00f1or Nicol\u00e1s P\u00e9rez Cabrales, tambi\u00e9n recibi\u00f3 una dotaci\u00f3n de pa\u00f1ales y una silla de ruedas.<\/p>\n\n\n\n<p>Asimismo, la joven Rita Denisse Cruz, recibi\u00f3 una computadora Laptop, equipo que le permitir\u00e1 recibir clases virtuales sin inconveniente, como parte del apoyo destinado por la alcaldesa Alma Laura Ampar\u00e1n Cruz, y la presidenta del DIF Altamira, Alma Laura Hern\u00e1ndez, para que ning\u00fan ni\u00f1o, ni\u00f1a o joven, abandone sus estudios por falta de recursos. &nbsp;<\/p>\n\n\n\n<p>De esta manera, el Gobierno de Altamira y el Sistema DIF Municipal, respaldan a las familias que habitan en zonas de atenci\u00f3n prioritaria. &nbsp;<\/p>\n","protected":false},"excerpt":{"rendered":"<p>*La presidenta del voluntariado Alma Laura Hern\u00e1ndez Ampar\u00e1n, tambi\u00e9n benefici\u00f3 a ni\u00f1os y j\u00f3venes estudiantes La presidenta del Sistema DIF Altamira, Lic. Alma Laura Hern\u00e1ndez Ampar\u00e1n, contin\u00faa recorriendo la zona ejidal del municipio, destinando importantes apoyos a personas que enfrentan alguna discapacidad motriz. En el ejido Mata del Abra la presidenta del voluntariado otorg\u00f3 aparatos [&hellip;]<\/p>\n","protected":false},"author":1,"featured_media":5251,"comment_status":"closed","ping_status":"open","sticky":false,"template":"","format":"standard","meta":{"footnotes":""},"categories":[5,2],"tags":[],"class_list":["post-5250","post","type-post","status-publish","format-standard","has-post-thumbnail","hentry","category-altamira","category-zonaconurbada"],"_links":{"self":[{"href":"https:\/\/vocerodelpueblo.com\/index.php?rest_route=\/wp\/v2\/posts\/5250","targetHints":{"allow":["GET"]}}],"collection":[{"href":"https:\/\/vocerodelpueblo.com\/index.php?rest_route=\/wp\/v2\/posts"}],"about":[{"href":"https:\/\/vocerodelpueblo.com\/index.php?rest_route=\/wp\/v2\/types\/post"}],"author":[{"embeddable":true,"href":"https:\/\/vocerodelpueblo.com\/index.php?rest_route=\/wp\/v2\/users\/1"}],"replies":[{"embeddable":true,"href":"https:\/\/vocerodelpueblo.com\/index.php?rest_route=%2Fwp%2Fv2%2Fcomments&post=5250"}],"version-history":[{"count":1,"href":"https:\/\/vocerodelpueblo.com\/index.php?rest_route=\/wp\/v2\/posts\/5250\/revisions"}],"predecessor-version":[{"id":5252,"href":"https:\/\/vocerodelpueblo.com\/index.php?rest_route=\/wp\/v2\/posts\/5250\/revisions\/5252"}],"wp:featuredmedia":[{"embeddable":true,"href":"https:\/\/vocerodelpueblo.com\/index.php?rest_route=\/wp\/v2\/media\/5251"}],"wp:attachment":[{"href":"https:\/\/vocerodelpueblo.com\/index.php?rest_route=%2Fwp%2Fv2%2Fmedia&parent=5250"}],"wp:term":[{"taxonomy":"category","embeddable":true,"href":"https:\/\/vocerodelpueblo.com\/index.php?rest_route=%2Fwp%2Fv2%2Fcategories&post=5250"},{"taxonomy":"post_tag","embeddable":true,"href":"https:\/\/vocerodelpueblo.com\/index.php?rest_route=%2Fwp%2Fv2%2Ftags&post=5250"}],"curies":[{"name":"wp","href":"https:\/\/api.w.org\/{rel}","templated":true}]}}