{"id":5256,"date":"2020-10-12T19:57:16","date_gmt":"2020-10-13T00:57:16","guid":{"rendered":"http:\/\/vocerodelpueblo.com\/?p=5256"},"modified":"2020-10-12T19:57:18","modified_gmt":"2020-10-13T00:57:18","slug":"cuenta-conmigo-uat-set","status":"publish","type":"post","link":"https:\/\/vocerodelpueblo.com\/?p=5256","title":{"rendered":"\u00abCuenta conmigo\u00bb UAT &#8211; SET"},"content":{"rendered":"\n<p>La Universidad Aut\u00f3noma de Tamaulipas y la Secretar\u00eda de Educaci\u00f3n de Tamaulipas realizan Firma del Convenio de Colaboraci\u00f3n UAT-SET como parte del Programa de Tutores de Servicio Social en nivel\u00a0#Primaria\u00a0\u201cCuenta Conmigo\u201d.<\/p>\n\n\n\n<p>En un evento realizado el mi\u00e9rcoles 23 de septiembre en la Sala de Juntas del Centro de Gesti\u00f3n del Conocimiento de la UAT, en\u00a0#CiudadVictoria, signaron el acta el Titular de la\u00a0#SET, Mario G\u00f3mez Monroy; el Rector de la\u00a0#UAT, Jos\u00e9 Andr\u00e9s Su\u00e1rez Fern\u00e1ndez; la Secretaria de Gesti\u00f3n Escolar, Dra. Teresa de Jes\u00fas Guzm\u00e1n Acu\u00f1a y la Subsecretaria de Educaci\u00f3n B\u00e1sica de la SET, Magdalena Moreno Ortiz.<\/p>\n\n\n\n<figure class=\"wp-block-embed-youtube aligncenter wp-block-embed is-type-video is-provider-youtube wp-embed-aspect-16-9 wp-has-aspect-ratio\"><div class=\"wp-block-embed__wrapper\">\n<iframe loading=\"lazy\" title=\"&quot;Cuenta conmigo&quot; UAT - SET\" width=\"580\" height=\"326\" src=\"https:\/\/www.youtube.com\/embed\/-PCXxOF2hd8?feature=oembed\" frameborder=\"0\" allow=\"accelerometer; autoplay; clipboard-write; encrypted-media; gyroscope; picture-in-picture; web-share\" referrerpolicy=\"strict-origin-when-cross-origin\" allowfullscreen><\/iframe>\n<\/div><\/figure>\n","protected":false},"excerpt":{"rendered":"<p>La Universidad Aut\u00f3noma de Tamaulipas y la Secretar\u00eda de Educaci\u00f3n de Tamaulipas realizan Firma del Convenio de Colaboraci\u00f3n UAT-SET como parte del Programa de Tutores de Servicio Social en nivel\u00a0#Primaria\u00a0\u201cCuenta Conmigo\u201d. En un evento realizado el mi\u00e9rcoles 23 de septiembre en la Sala de Juntas del Centro de Gesti\u00f3n del Conocimiento de la UAT, en\u00a0#CiudadVictoria, [&hellip;]<\/p>\n","protected":false},"author":1,"featured_media":0,"comment_status":"closed","ping_status":"open","sticky":false,"template":"","format":"standard","meta":{"footnotes":""},"categories":[14],"tags":[],"class_list":["post-5256","post","type-post","status-publish","format-standard","hentry","category-uat"],"_links":{"self":[{"href":"https:\/\/vocerodelpueblo.com\/index.php?rest_route=\/wp\/v2\/posts\/5256","targetHints":{"allow":["GET"]}}],"collection":[{"href":"https:\/\/vocerodelpueblo.com\/index.php?rest_route=\/wp\/v2\/posts"}],"about":[{"href":"https:\/\/vocerodelpueblo.com\/index.php?rest_route=\/wp\/v2\/types\/post"}],"author":[{"embeddable":true,"href":"https:\/\/vocerodelpueblo.com\/index.php?rest_route=\/wp\/v2\/users\/1"}],"replies":[{"embeddable":true,"href":"https:\/\/vocerodelpueblo.com\/index.php?rest_route=%2Fwp%2Fv2%2Fcomments&post=5256"}],"version-history":[{"count":1,"href":"https:\/\/vocerodelpueblo.com\/index.php?rest_route=\/wp\/v2\/posts\/5256\/revisions"}],"predecessor-version":[{"id":5257,"href":"https:\/\/vocerodelpueblo.com\/index.php?rest_route=\/wp\/v2\/posts\/5256\/revisions\/5257"}],"wp:attachment":[{"href":"https:\/\/vocerodelpueblo.com\/index.php?rest_route=%2Fwp%2Fv2%2Fmedia&parent=5256"}],"wp:term":[{"taxonomy":"category","embeddable":true,"href":"https:\/\/vocerodelpueblo.com\/index.php?rest_route=%2Fwp%2Fv2%2Fcategories&post=5256"},{"taxonomy":"post_tag","embeddable":true,"href":"https:\/\/vocerodelpueblo.com\/index.php?rest_route=%2Fwp%2Fv2%2Ftags&post=5256"}],"curies":[{"name":"wp","href":"https:\/\/api.w.org\/{rel}","templated":true}]}}