{"id":5352,"date":"2020-11-17T22:57:40","date_gmt":"2020-11-18T04:57:40","guid":{"rendered":"http:\/\/vocerodelpueblo.com\/?p=5352"},"modified":"2020-11-23T23:00:16","modified_gmt":"2020-11-24T05:00:16","slug":"reconoce-alma-laura-amparan-al-ita-por-su-45-aniversario","status":"publish","type":"post","link":"https:\/\/vocerodelpueblo.com\/?p=5352","title":{"rendered":"Reconoce Alma Laura Ampar\u00e1n al ITA por su 45 aniversario"},"content":{"rendered":"\n<p><\/p>\n\n\n\n<p><em>*La presidenta municipal destac\u00f3 la aportaci\u00f3n de esta instituci\u00f3n acad\u00e9mica en la formaci\u00f3n de l\u00edderes y profesionistas\u00a0<\/em><\/p>\n\n\n\n<p>Impulsando a las generaciones del presente y el futuro, la alcaldesa Alma Laura Ampar\u00e1n Cruz, particip\u00f3 en la ceremonia conmemorativa del 45 Aniversario del Instituto Tecnol\u00f3gico de Altamira (ITA), donde refrend\u00f3 su compromiso para continuar impulsando programas y acciones a favor de la educaci\u00f3n en beneficio de miles de altamirenses.<\/p>\n\n\n\n<p>Asimismo, reconoci\u00f3 a las maestras y maestros encabezados por su director Mtro. Miguel \u00c1ngel Villar Morales, quienes aportan su talento y conocimiento a favor de una sociedad cada vez m\u00e1s fuerte, preparada y competitiva.<\/p>\n\n\n\n<p>\u201cPor ello es que hoy celebro con todos ustedes el 45 aniversario del Tecnol\u00f3gico Nacional de M\u00e9xico campus Altamira, instituci\u00f3n que ha contribuido y que sigue vigente en la formaci\u00f3n de l\u00edderes y profesionistas en distintas \u00e1reas del conocimiento. Muchas felicidades a quienes han contribuido al crecimiento de esta instituci\u00f3n educativa\u201d, indic\u00f3 la alcaldesa.&nbsp;<\/p>\n\n\n\n<p>Por su parte, el director del ITA, Mtro. Miguel \u00c1ngel Villar Morales, agradeci\u00f3 la importante colaboraci\u00f3n de la alcaldesa Alma Laura Ampar\u00e1n Cruz, con esta instituci\u00f3n educativa, a la vez de extender su reconocimiento al personal docente&nbsp;&nbsp;y administrativo, as\u00ed como al alumnado por contribuir y formar parte de esta instituci\u00f3n durante sus primeros 45 a\u00f1os.<\/p>\n\n\n\n<p>\u201cRefrendamos nuestro compromiso institucional para continuar construyendo m\u00e1s y mejores condiciones que nos permitan fortalecer y consolidar nuestra competitividad y capacidad acad\u00e9mica. Enhorabuena para todos los integrantes de esta gran comunidad tecnol\u00f3gica\u201d, expres\u00f3.<\/p>\n\n\n\n<p>Mediante este acto la presidenta municipal acompa\u00f1ada por el cuerpo directivo del ITA, inaugur\u00f3 una serie de murales donde se plasman las ra\u00edces y la historia de esta instituci\u00f3n acad\u00e9mica; de igual manera se entregaron reconocimientos a ex directores, personal docente con antig\u00fcedad de 15 a 35 a\u00f1os de labor, as\u00ed como a personal jubilado.<\/p>\n\n\n\n<div class=\"wp-block-image\"><figure class=\"aligncenter size-full\"><img loading=\"lazy\" decoding=\"async\" width=\"768\" height=\"432\" src=\"https:\/\/vocerodelpueblo.com\/wp-content\/uploads\/2020\/11\/4WhatsApp-Image-2020-11-12-at-14.09.00.jpeg\" alt=\"\" class=\"wp-image-5353\" srcset=\"https:\/\/vocerodelpueblo.com\/wp-content\/uploads\/2020\/11\/4WhatsApp-Image-2020-11-12-at-14.09.00.jpeg 768w, https:\/\/vocerodelpueblo.com\/wp-content\/uploads\/2020\/11\/4WhatsApp-Image-2020-11-12-at-14.09.00-350x197.jpeg 350w, https:\/\/vocerodelpueblo.com\/wp-content\/uploads\/2020\/11\/4WhatsApp-Image-2020-11-12-at-14.09.00-728x410.jpeg 728w\" sizes=\"auto, (max-width: 768px) 100vw, 768px\" \/><\/figure><\/div>\n","protected":false},"excerpt":{"rendered":"<p>*La presidenta municipal destac\u00f3 la aportaci\u00f3n de esta instituci\u00f3n acad\u00e9mica en la formaci\u00f3n de l\u00edderes y profesionistas\u00a0 Impulsando a las generaciones del presente y el futuro, la alcaldesa Alma Laura Ampar\u00e1n Cruz, particip\u00f3 en la ceremonia conmemorativa del 45 Aniversario del Instituto Tecnol\u00f3gico de Altamira (ITA), donde refrend\u00f3 su compromiso para continuar impulsando programas y [&hellip;]<\/p>\n","protected":false},"author":1,"featured_media":5354,"comment_status":"closed","ping_status":"open","sticky":false,"template":"","format":"standard","meta":{"footnotes":""},"categories":[5,2],"tags":[],"class_list":["post-5352","post","type-post","status-publish","format-standard","has-post-thumbnail","hentry","category-altamira","category-zonaconurbada"],"_links":{"self":[{"href":"https:\/\/vocerodelpueblo.com\/index.php?rest_route=\/wp\/v2\/posts\/5352","targetHints":{"allow":["GET"]}}],"collection":[{"href":"https:\/\/vocerodelpueblo.com\/index.php?rest_route=\/wp\/v2\/posts"}],"about":[{"href":"https:\/\/vocerodelpueblo.com\/index.php?rest_route=\/wp\/v2\/types\/post"}],"author":[{"embeddable":true,"href":"https:\/\/vocerodelpueblo.com\/index.php?rest_route=\/wp\/v2\/users\/1"}],"replies":[{"embeddable":true,"href":"https:\/\/vocerodelpueblo.com\/index.php?rest_route=%2Fwp%2Fv2%2Fcomments&post=5352"}],"version-history":[{"count":1,"href":"https:\/\/vocerodelpueblo.com\/index.php?rest_route=\/wp\/v2\/posts\/5352\/revisions"}],"predecessor-version":[{"id":5355,"href":"https:\/\/vocerodelpueblo.com\/index.php?rest_route=\/wp\/v2\/posts\/5352\/revisions\/5355"}],"wp:featuredmedia":[{"embeddable":true,"href":"https:\/\/vocerodelpueblo.com\/index.php?rest_route=\/wp\/v2\/media\/5354"}],"wp:attachment":[{"href":"https:\/\/vocerodelpueblo.com\/index.php?rest_route=%2Fwp%2Fv2%2Fmedia&parent=5352"}],"wp:term":[{"taxonomy":"category","embeddable":true,"href":"https:\/\/vocerodelpueblo.com\/index.php?rest_route=%2Fwp%2Fv2%2Fcategories&post=5352"},{"taxonomy":"post_tag","embeddable":true,"href":"https:\/\/vocerodelpueblo.com\/index.php?rest_route=%2Fwp%2Fv2%2Ftags&post=5352"}],"curies":[{"name":"wp","href":"https:\/\/api.w.org\/{rel}","templated":true}]}}