{"id":5557,"date":"2021-02-02T10:24:00","date_gmt":"2021-02-02T16:24:00","guid":{"rendered":"http:\/\/vocerodelpueblo.com\/?p=5557"},"modified":"2021-02-04T10:26:58","modified_gmt":"2021-02-04T16:26:58","slug":"alvaro-soto-se-registro-como-precandidato-a-la-presidencia-de-naranjos-amatlan","status":"publish","type":"post","link":"https:\/\/vocerodelpueblo.com\/?p=5557","title":{"rendered":"\u00c1lvaro Soto, se registr\u00f3 como Precandidato a la Presidencia de Naranjos &#8211; Amatlan"},"content":{"rendered":"\n<p>El C. P \u00c1lvaro Soto, se registr\u00f3 como Precandidato a la Presidencia de Naranjos &#8211; Amatlan, acompa\u00f1ado del presidente estatal del Pan, Dr Joaquin Rosendo Guzm\u00e1n Aviles, y Ricardo Garc\u00eda Escalante Diputado Federal.<\/p>\n","protected":false},"excerpt":{"rendered":"<p>El C. P \u00c1lvaro Soto, se registr\u00f3 como Precandidato a la Presidencia de Naranjos &#8211; Amatlan, acompa\u00f1ado del presidente estatal del Pan, Dr Joaquin Rosendo Guzm\u00e1n Aviles, y Ricardo Garc\u00eda Escalante Diputado Federal.<\/p>\n","protected":false},"author":1,"featured_media":5558,"comment_status":"closed","ping_status":"open","sticky":false,"template":"","format":"standard","meta":{"footnotes":""},"categories":[6,10],"tags":[],"class_list":["post-5557","post","type-post","status-publish","format-standard","has-post-thumbnail","hentry","category-norte-de-veracruz","category-veracruz"],"_links":{"self":[{"href":"https:\/\/vocerodelpueblo.com\/index.php?rest_route=\/wp\/v2\/posts\/5557","targetHints":{"allow":["GET"]}}],"collection":[{"href":"https:\/\/vocerodelpueblo.com\/index.php?rest_route=\/wp\/v2\/posts"}],"about":[{"href":"https:\/\/vocerodelpueblo.com\/index.php?rest_route=\/wp\/v2\/types\/post"}],"author":[{"embeddable":true,"href":"https:\/\/vocerodelpueblo.com\/index.php?rest_route=\/wp\/v2\/users\/1"}],"replies":[{"embeddable":true,"href":"https:\/\/vocerodelpueblo.com\/index.php?rest_route=%2Fwp%2Fv2%2Fcomments&post=5557"}],"version-history":[{"count":1,"href":"https:\/\/vocerodelpueblo.com\/index.php?rest_route=\/wp\/v2\/posts\/5557\/revisions"}],"predecessor-version":[{"id":5559,"href":"https:\/\/vocerodelpueblo.com\/index.php?rest_route=\/wp\/v2\/posts\/5557\/revisions\/5559"}],"wp:featuredmedia":[{"embeddable":true,"href":"https:\/\/vocerodelpueblo.com\/index.php?rest_route=\/wp\/v2\/media\/5558"}],"wp:attachment":[{"href":"https:\/\/vocerodelpueblo.com\/index.php?rest_route=%2Fwp%2Fv2%2Fmedia&parent=5557"}],"wp:term":[{"taxonomy":"category","embeddable":true,"href":"https:\/\/vocerodelpueblo.com\/index.php?rest_route=%2Fwp%2Fv2%2Fcategories&post=5557"},{"taxonomy":"post_tag","embeddable":true,"href":"https:\/\/vocerodelpueblo.com\/index.php?rest_route=%2Fwp%2Fv2%2Ftags&post=5557"}],"curies":[{"name":"wp","href":"https:\/\/api.w.org\/{rel}","templated":true}]}}