{"id":5650,"date":"2021-02-15T12:21:00","date_gmt":"2021-02-15T18:21:00","guid":{"rendered":"http:\/\/vocerodelpueblo.com\/?p=5650"},"modified":"2021-02-16T12:25:27","modified_gmt":"2021-02-16T18:25:27","slug":"inauguran-rector-y-gobernador-sala-de-juicios-orales-en-la-fdcs-victoria","status":"publish","type":"post","link":"https:\/\/vocerodelpueblo.com\/?p=5650","title":{"rendered":"Inauguran Rector y Gobernador Sala de Juicios Orales en la FDCS Victoria"},"content":{"rendered":"\n<p>El Gobernador de Tamaulipas, Francisco Cabeza De Vaca y el Rector Jos\u00e9 Andr\u00e9s Su\u00e1rez Fern\u00e1ndez inauguraron la nueva sala de juicios orales en la Facultad de Derecho y Ciencias Sociales del Campus Victoria.<\/p>\n\n\n\n<p>UAT #YoCreoEnLaUAT #UATInforma Gobierno del Estado de Tamaulipas Ver menos<\/p>\n\n\n\n<iframe loading=\"lazy\" src=\"https:\/\/www.facebook.com\/plugins\/video.php?height=314&#038;href=https%3A%2F%2Fwww.facebook.com%2Ftvuat%2Fvideos%2F506955156959412%2F&#038;show_text=false&#038;width=560\" width=\"560\" height=\"314\" style=\"border:none;overflow:hidden\" scrolling=\"no\" frameborder=\"0\" allowfullscreen=\"true\" allow=\"autoplay; clipboard-write; encrypted-media; picture-in-picture; web-share\" allowFullScreen=\"true\"><\/iframe>\n\n\n\n<h1 class=\"wp-block-heading\"><\/h1>\n","protected":false},"excerpt":{"rendered":"<p>El Gobernador de Tamaulipas, Francisco Cabeza De Vaca y el Rector Jos\u00e9 Andr\u00e9s Su\u00e1rez Fern\u00e1ndez inauguraron la nueva sala de juicios orales en la Facultad de Derecho y Ciencias Sociales del Campus Victoria. UAT #YoCreoEnLaUAT #UATInforma Gobierno del Estado de Tamaulipas Ver menos<\/p>\n","protected":false},"author":1,"featured_media":0,"comment_status":"closed","ping_status":"open","sticky":false,"template":"","format":"standard","meta":{"footnotes":""},"categories":[14],"tags":[],"class_list":["post-5650","post","type-post","status-publish","format-standard","hentry","category-uat"],"_links":{"self":[{"href":"https:\/\/vocerodelpueblo.com\/index.php?rest_route=\/wp\/v2\/posts\/5650","targetHints":{"allow":["GET"]}}],"collection":[{"href":"https:\/\/vocerodelpueblo.com\/index.php?rest_route=\/wp\/v2\/posts"}],"about":[{"href":"https:\/\/vocerodelpueblo.com\/index.php?rest_route=\/wp\/v2\/types\/post"}],"author":[{"embeddable":true,"href":"https:\/\/vocerodelpueblo.com\/index.php?rest_route=\/wp\/v2\/users\/1"}],"replies":[{"embeddable":true,"href":"https:\/\/vocerodelpueblo.com\/index.php?rest_route=%2Fwp%2Fv2%2Fcomments&post=5650"}],"version-history":[{"count":1,"href":"https:\/\/vocerodelpueblo.com\/index.php?rest_route=\/wp\/v2\/posts\/5650\/revisions"}],"predecessor-version":[{"id":5651,"href":"https:\/\/vocerodelpueblo.com\/index.php?rest_route=\/wp\/v2\/posts\/5650\/revisions\/5651"}],"wp:attachment":[{"href":"https:\/\/vocerodelpueblo.com\/index.php?rest_route=%2Fwp%2Fv2%2Fmedia&parent=5650"}],"wp:term":[{"taxonomy":"category","embeddable":true,"href":"https:\/\/vocerodelpueblo.com\/index.php?rest_route=%2Fwp%2Fv2%2Fcategories&post=5650"},{"taxonomy":"post_tag","embeddable":true,"href":"https:\/\/vocerodelpueblo.com\/index.php?rest_route=%2Fwp%2Fv2%2Ftags&post=5650"}],"curies":[{"name":"wp","href":"https:\/\/api.w.org\/{rel}","templated":true}]}}