{"id":5683,"date":"2021-02-16T23:54:00","date_gmt":"2021-02-17T05:54:00","guid":{"rendered":"http:\/\/vocerodelpueblo.com\/?p=5683"},"modified":"2021-02-18T23:58:30","modified_gmt":"2021-02-19T05:58:30","slug":"infonavit-arranca-implementacion-de-reforma-con-dialogos-en-estados","status":"publish","type":"post","link":"https:\/\/vocerodelpueblo.com\/?p=5683","title":{"rendered":"INFONAVIT ARRANCA IMPLEMENTACI\u00d3N DE REFORMA CON DI\u00c1LOGOS EN ESTADOS"},"content":{"rendered":"\n<p><\/p>\n\n\n\n<ul class=\"wp-block-list\"><li><strong>El<\/strong><strong> director general del Instituto, Carlos Mart\u00ednez Vel\u00e1zquez, dialogar\u00e1 con representantes de los sectores obrero, empresarial y gobierno de las 32 entidades para exponer los beneficios.<\/strong><\/li><li><strong>La reforma permitir\u00e1 a los trabajadores obtener financiamiento para compra de terrenosy autoconstrucci\u00f3n de vivienda, adem\u00e1s dar\u00e1 acceso a un n\u00famero ilimitado de cr\u00e9ditos.&nbsp;&nbsp; <\/strong><strong><\/strong><\/li><\/ul>\n\n\n\n<p>El director general del Instituto del Fondo Nacional de la Vivienda para los Trabajadores (Infonavit), Carlos Mart\u00ednez Vel\u00e1zquez, dialogar\u00e1 con representantes de los sectores obrero, empresarial y de gobierno de las 32 entidades del pa\u00eds para arrancar los trabajos de implementaci\u00f3n de la Reforma a la Ley del Instituto aprobada en diciembre del a\u00f1o pasado.<\/p>\n\n\n\n<p>Los di\u00e1logos, que se realizar\u00e1n durante febrero y marzo, tendr\u00e1n lugar en el marco de las Comisiones Consultivas Regionales (CCRs) del Infonavit, con el objetivo exponer los lineamientos principales de la Reforma, as\u00ed como los beneficios tangibles que traer\u00e1 para las y los trabajadores derechohabientes.<\/p>\n\n\n\n<p>El Infonavit cuenta con un plazo de 120 d\u00edas, que concluyen el pr\u00f3ximo 16 de abril, para determinar las reglas de operaci\u00f3n de los programas que se implementar\u00e1n a fin de materializar la Reforma en beneficio de las y los trabajadores de M\u00e9xico.<\/p>\n\n\n\n<p>Cabe recordar que, como resultado de la Reforma, las y los derechohabientes contar\u00e1n con m\u00e1s y mejores opciones para ejercer su derecho a la vivienda adecuada, les permitir\u00e1 tener acceso a nuevos tipos de financiamientos: compra de terreno para construcci\u00f3n progresiva y autoconstrucci\u00f3n de vivienda en terreno propio. De igual forma, permitir\u00e1 que los derechohabientes puedan obtener un n\u00famero ilimitado de cr\u00e9ditos subsecuentes, habiendo liquidado el anterior.<\/p>\n\n\n\n<p>La Reforma a la Ley del Infonavittambi\u00e9n reconoce y protege el derecho de las y los trabajadores para adquirir su cr\u00e9dito en total libertad, de forma directa y sin intermediarios, para lo cual se combatir\u00e1n el coyotaje y la publicidad falsa. Adem\u00e1s, establece la obligaci\u00f3n del Instituto por brindar informaci\u00f3n suficiente para elegir d\u00f3nde, cu\u00e1ndo y c\u00f3mo ejercer su financiamiento con base en sus necesidades reales.<\/p>\n\n\n\n<p>Asimismo, se trata de una reforma de inclusi\u00f3n financiera, que permitir\u00e1 a las personas que actualmente no se encuentran cotizando, pero que cuentan con ahorros en su Subcuenta de Vivienda, utilizar este recurso para la obtenci\u00f3n de un cr\u00e9dito, de acuerdo con las reglas de operaci\u00f3n que determine el Consejo de Administraci\u00f3n del Infonavit.<\/p>\n\n\n\n<p>La Reforma a la Ley propuesta por el Presidente de la Rep\u00fablica, Andr\u00e9s Manuel L\u00f3pez Obrador, fue aprobada por el Congreso de la Uni\u00f3n y publicada en el Diario Oficial de la Federaci\u00f3n en diciembre de 2020.<\/p>\n\n\n\n<p><strong>El Infonavit es una instituci\u00f3n de solidaridad, servicio y seguridad social del Estado, que tiene como objetivo otorgar cr\u00e9dito barato y suficiente para que las y los trabajadores del sector formal puedan acceder a una vivienda adecuada y formar un patrimonio. Asimismo, es la hipotecaria m\u00e1s grande en Am\u00e9rica Latina y la cuarta en el mundo, administrando m\u00e1s de 62 millones de subcuentas de vivienda equivalentes a 1.13 billones de pesos. Desde su creaci\u00f3n en 1972 a la fecha, el Infonavit ha colocado m\u00e1s de 11 millones de cr\u00e9ditos en M\u00e9xico.<\/strong><\/p>\n","protected":false},"excerpt":{"rendered":"<p>El director general del Instituto, Carlos Mart\u00ednez Vel\u00e1zquez, dialogar\u00e1 con representantes de los sectores obrero, empresarial y gobierno de las 32 entidades para exponer los beneficios. La reforma permitir\u00e1 a los trabajadores obtener financiamiento para compra de terrenosy autoconstrucci\u00f3n de vivienda, adem\u00e1s dar\u00e1 acceso a un n\u00famero ilimitado de cr\u00e9ditos.&nbsp;&nbsp; El director general del Instituto [&hellip;]<\/p>\n","protected":false},"author":1,"featured_media":5684,"comment_status":"closed","ping_status":"open","sticky":false,"template":"","format":"standard","meta":{"footnotes":""},"categories":[1,12],"tags":[],"class_list":["post-5683","post","type-post","status-publish","format-standard","has-post-thumbnail","hentry","category-estatales","category-nacionales"],"_links":{"self":[{"href":"https:\/\/vocerodelpueblo.com\/index.php?rest_route=\/wp\/v2\/posts\/5683","targetHints":{"allow":["GET"]}}],"collection":[{"href":"https:\/\/vocerodelpueblo.com\/index.php?rest_route=\/wp\/v2\/posts"}],"about":[{"href":"https:\/\/vocerodelpueblo.com\/index.php?rest_route=\/wp\/v2\/types\/post"}],"author":[{"embeddable":true,"href":"https:\/\/vocerodelpueblo.com\/index.php?rest_route=\/wp\/v2\/users\/1"}],"replies":[{"embeddable":true,"href":"https:\/\/vocerodelpueblo.com\/index.php?rest_route=%2Fwp%2Fv2%2Fcomments&post=5683"}],"version-history":[{"count":1,"href":"https:\/\/vocerodelpueblo.com\/index.php?rest_route=\/wp\/v2\/posts\/5683\/revisions"}],"predecessor-version":[{"id":5685,"href":"https:\/\/vocerodelpueblo.com\/index.php?rest_route=\/wp\/v2\/posts\/5683\/revisions\/5685"}],"wp:featuredmedia":[{"embeddable":true,"href":"https:\/\/vocerodelpueblo.com\/index.php?rest_route=\/wp\/v2\/media\/5684"}],"wp:attachment":[{"href":"https:\/\/vocerodelpueblo.com\/index.php?rest_route=%2Fwp%2Fv2%2Fmedia&parent=5683"}],"wp:term":[{"taxonomy":"category","embeddable":true,"href":"https:\/\/vocerodelpueblo.com\/index.php?rest_route=%2Fwp%2Fv2%2Fcategories&post=5683"},{"taxonomy":"post_tag","embeddable":true,"href":"https:\/\/vocerodelpueblo.com\/index.php?rest_route=%2Fwp%2Fv2%2Ftags&post=5683"}],"curies":[{"name":"wp","href":"https:\/\/api.w.org\/{rel}","templated":true}]}}