{"id":5752,"date":"2021-03-01T00:36:00","date_gmt":"2021-03-01T06:36:00","guid":{"rendered":"http:\/\/vocerodelpueblo.com\/?p=5752"},"modified":"2021-03-05T00:37:59","modified_gmt":"2021-03-05T06:37:59","slug":"presenta-alma-laura-amparan-revista-inversion-es-altamira","status":"publish","type":"post","link":"https:\/\/vocerodelpueblo.com\/?p=5752","title":{"rendered":"Presenta Alma Laura Ampar\u00e1n revista Inversi\u00f3n-Es Altamira"},"content":{"rendered":"\n<p><\/p>\n\n\n\n<p>*Ante representantes de organismos camarales y de la iniciativa privada<\/p>\n\n\n\n<p>Destacando las oportunidades de inversi\u00f3n que convierten al municipio en uno de los principales polos de desarrollo del noreste de M\u00e9xico, la alcaldesa Alma Laura Ampar\u00e1n Cruz present\u00f3 la revista Inversi\u00f3n-Es Altamira ante representantes de organismos camarales, de la iniciativa privada y de la Administraci\u00f3n Portuaria Integral de Altamira.<\/p>\n\n\n\n<p>En Inversi\u00f3n-Es Altamira, publicaci\u00f3n en espa\u00f1ol e ingl\u00e9s que contar\u00e1 con un tiraje de 3 mil ejemplares, se presenta informaci\u00f3n a detalle sobre las actividades portuaria, econ\u00f3mica, construcci\u00f3n de plataformas petroleras, industria petroqu\u00edmica, acciones en pro del medio ambiente, turismo, agricultura, pesca, servicios, entre otras.<\/p>\n\n\n\n<p>El evento se llev\u00f3 a cabo en la sala de cabildo donde la jefa edilicia asever\u00f3 que el desarrollo de Altamira es evidente y que su gobierno, por amor a esta tierra, genera acciones de bienestar para la gente; \u201csomos un municipio que evoluciona, que diariamente crece con hechos y resultados, y que gracias a un gobierno honesto y transparente, hoy se encuentra posicionado como una gran ciudad y un gran puerto de orgullo tamaulipeco\u2019\u2019.<\/p>\n\n\n\n<p>\u201cAqu\u00ed somos mujeres y hombres buenos, nobles y trabajadores, que representamos liderazgo y vanguardia en el sur de nuestro Estado, al constituir un municipio con vocaci\u00f3n industrial, agr\u00edcola, ganadera, energ\u00e9tica y tur\u00edstica\u2019\u2019, mencion\u00f3.<\/p>\n\n\n\n<p>Por ello -dijo- me da mucho gusto llevar a cabo la presentaci\u00f3n de nuestra propia revista Inversi\u00f3n-Es Altamira, donde encontrar\u00e1n a detalle la informaci\u00f3n m\u00e1s relevante e importante de nuestro municipio. Son tres mil ejemplares que ser\u00e1n entregados a cada uno de los actores econ\u00f3micos del sur del Estado, y que estoy muy segura, servir\u00e1n para informar con objetividad la grandeza de nuestra hermosa ciudad.<\/p>\n\n\n\n<p>Por su parte, el secretario de Econom\u00eda, Gonzalo Alem\u00e1n Migliolo indic\u00f3 que Tamaulipas ha sido testigo de las acciones que con el liderazgo de la alcaldesa Alma Laura Ampar\u00e1n, han sido llevadas a cabo para brindar m\u00e1s y mejores oportunidades de formaci\u00f3n y desarrollo en favor del bienestar de los altamirenses.<\/p>\n\n\n\n<p>\u201cAltamira es una tierra de gente buena y trabajadora; gente de gran capacidad y enorme coraz\u00f3n que convierte a la adversidad en fortaleza y los obst\u00e1culos en oportunidades. Es, sin duda, el polo de desarrollo m\u00e1s importante del sur de Tamaulipas y uno de los principales en el noreste de M\u00e9xico. Estas fortalezas son gracias al liderazgo y conocimiento de los retos sociales que la alcaldesa Alma Laura Ampar\u00e1n afronta con firmeza\u2019\u2019, expres\u00f3.<\/p>\n\n\n\n<p>El coordinador de la CMIC en la zona sur de Tamaulipas, Gerardo Holgu\u00edn L\u00f3pez manifest\u00f3 que la revista en menci\u00f3n ofrece un amplio panorama de los rubros y \u00e1reas de oportunidades en Altamira, as\u00ed como de proveedores de productos y servicios existentes, para mejorar la econom\u00eda de la zona sur de Tamaulipas, fortaleciendo tambi\u00e9n la imagen de la ciudad y puerto de Altamira con el entorno industrial y empresarial.<\/p>\n\n\n\n<p>De igual forma, se present\u00f3 un video de la revista Inversi\u00f3n-Es Altamira y con las bondades y oportunidades que ofrece el municipio, adem\u00e1s de una explicaci\u00f3n digital de la misma por parte de la coordinadora de Gesti\u00f3n Administrativa y Atracci\u00f3n a la Inversi\u00f3n, Dariann Roselly Tamayo Gonz\u00e1lez.<\/p>\n\n\n\n<p>Tambi\u00e9n estuvieron presentes, el secretario del Ayuntamiento, Cuauht\u00e9moc Zaleta Alonso; el subsecretario de Econom\u00eda, Omar Fern\u00e1ndez de Lara Ramos; el coordinador de la Mesa de Seguridad y Justicia de Tampico, Madero y Altamira, Jaime Fernando Square Wilburn; el presidente de la CANACO Altamira, Luis Manuel Pinete Guti\u00e9rrez; el representante del Consejo de Instituciones Empresariales del Sur de Tamaulipas y presidente de la CANACO Madero, H\u00e9ctor Manuel Lim\u00f3n, y el representante de la API-Altamira, Federico Antimo Ram\u00edrez.<\/p>\n","protected":false},"excerpt":{"rendered":"<p>*Ante representantes de organismos camarales y de la iniciativa privada Destacando las oportunidades de inversi\u00f3n que convierten al municipio en uno de los principales polos de desarrollo del noreste de M\u00e9xico, la alcaldesa Alma Laura Ampar\u00e1n Cruz present\u00f3 la revista Inversi\u00f3n-Es Altamira ante representantes de organismos camarales, de la iniciativa privada y de la Administraci\u00f3n [&hellip;]<\/p>\n","protected":false},"author":1,"featured_media":5753,"comment_status":"closed","ping_status":"open","sticky":false,"template":"","format":"standard","meta":{"footnotes":""},"categories":[5,2],"tags":[],"class_list":["post-5752","post","type-post","status-publish","format-standard","has-post-thumbnail","hentry","category-altamira","category-zonaconurbada"],"_links":{"self":[{"href":"https:\/\/vocerodelpueblo.com\/index.php?rest_route=\/wp\/v2\/posts\/5752","targetHints":{"allow":["GET"]}}],"collection":[{"href":"https:\/\/vocerodelpueblo.com\/index.php?rest_route=\/wp\/v2\/posts"}],"about":[{"href":"https:\/\/vocerodelpueblo.com\/index.php?rest_route=\/wp\/v2\/types\/post"}],"author":[{"embeddable":true,"href":"https:\/\/vocerodelpueblo.com\/index.php?rest_route=\/wp\/v2\/users\/1"}],"replies":[{"embeddable":true,"href":"https:\/\/vocerodelpueblo.com\/index.php?rest_route=%2Fwp%2Fv2%2Fcomments&post=5752"}],"version-history":[{"count":1,"href":"https:\/\/vocerodelpueblo.com\/index.php?rest_route=\/wp\/v2\/posts\/5752\/revisions"}],"predecessor-version":[{"id":5754,"href":"https:\/\/vocerodelpueblo.com\/index.php?rest_route=\/wp\/v2\/posts\/5752\/revisions\/5754"}],"wp:featuredmedia":[{"embeddable":true,"href":"https:\/\/vocerodelpueblo.com\/index.php?rest_route=\/wp\/v2\/media\/5753"}],"wp:attachment":[{"href":"https:\/\/vocerodelpueblo.com\/index.php?rest_route=%2Fwp%2Fv2%2Fmedia&parent=5752"}],"wp:term":[{"taxonomy":"category","embeddable":true,"href":"https:\/\/vocerodelpueblo.com\/index.php?rest_route=%2Fwp%2Fv2%2Fcategories&post=5752"},{"taxonomy":"post_tag","embeddable":true,"href":"https:\/\/vocerodelpueblo.com\/index.php?rest_route=%2Fwp%2Fv2%2Ftags&post=5752"}],"curies":[{"name":"wp","href":"https:\/\/api.w.org\/{rel}","templated":true}]}}