{"id":5868,"date":"2021-04-02T00:38:00","date_gmt":"2021-04-02T06:38:00","guid":{"rendered":"http:\/\/vocerodelpueblo.com\/?p=5868"},"modified":"2021-04-06T00:40:19","modified_gmt":"2021-04-06T05:40:19","slug":"preside-rector-ceremonia-de-graduacion-de-egresados-la-generacion-mtro-eleuterio-zuniga-reyes-de-licenciatura-maestria-y-doctorado","status":"publish","type":"post","link":"https:\/\/vocerodelpueblo.com\/?p=5868","title":{"rendered":"Preside Rector ceremonia de graduaci\u00f3n de Egresados la generaci\u00f3n \u201cMtro. Eleuterio Z\u00fa\u00f1iga Reyes\u201d de licenciatura, maestr\u00eda y doctorado"},"content":{"rendered":"\n<p><\/p>\n\n\n\n<p>El Rector de la Universidad Aut\u00f3noma de Tamaulipas (UAT), Ing. Jos\u00e9 Andr\u00e9s Su\u00e1rez Fern\u00e1ndez, presidi\u00f3 de manera virtual la ceremonia de graduaci\u00f3n de egresados de la Unidad Acad\u00e9mica Multidisciplinaria de Ciencias, Educaci\u00f3n y Humanidades (UAMCEH).<\/p>\n\n\n\n<p>En un video mensaje, el Rector expres\u00f3 su reconocimiento a maestros y estudiantes por todo su esfuerzo para adaptarse a un proceso de ense\u00f1anza-aprendizaje diferente debido a la pandemia de COVID-19.<\/p>\n\n\n\n<p>La generaci\u00f3n 2020 de la UAMCEH llev\u00f3 por nombre \u201cMtro. Eleuterio Z\u00fa\u00f1iga Reyes\u201d, y entreg\u00f3 nuevos profesionales de las licenciaturas en Ciencias de la Educaci\u00f3n, Ling\u00fc\u00edstica Aplicada, Historia y Gesti\u00f3n del Patrimonio Cultural, as\u00ed como de la Maestr\u00eda en Gesti\u00f3n e Intervenci\u00f3n Educativa y del Doctorado en Gesti\u00f3n e Innovaci\u00f3n Educativa.<\/p>\n\n\n\n<p>En el evento transmitido por plataformas digitales, el Rector estuvo acompa\u00f1ado de manera virtual por el Director de la UAMCEH, Mtro. Rogelio Castillo Walle, y por el Mtro. Eleuterio Z\u00fa\u00f1iga Reyes, catedr\u00e1tico de esta instituci\u00f3n.<\/p>\n\n\n\n<p>En su mensaje, el Ing. Su\u00e1rez Fern\u00e1ndez felicit\u00f3 a la comunidad docente y estudiantil porque con&nbsp; un gran empe\u00f1o y dedicaci\u00f3n concluyeron un ciclo escolar at\u00edpico y con muchas situaciones en contra.<\/p>\n\n\n\n<p>Subray\u00f3 que este contexto ha marcado un rumbo diferente para la educaci\u00f3n superior y ha sentado las bases para hacer de la Universidad una instituci\u00f3n m\u00e1s fuerte.<\/p>\n\n\n\n<p>\u201cMe da mucho orgullo felicitarlos por ese gran empuje que, como estudiantes, tuvieron para aceptar ese cambio, abrazarlo y demostrar que se puede aprender con diferentes m\u00e9todos\u201d, indic\u00f3.<\/p>\n\n\n\n<p>Por su parte, el Mtro. Rogelio Castillo Walle dijo que se entregan profesionales comprometidos con su sociedad y preparados para los retos que el mercado laboral les demande.<\/p>\n\n\n\n<p>Refiri\u00f3 que, siguiendo las metas de calidad educativa de la Universidad, los posgrados est\u00e1n enfocados en la resoluci\u00f3n de problem\u00e1ticas sociales, como una parte medular de la formaci\u00f3n de especialistas.<\/p>\n\n\n\n<p>De igual forma, destac\u00f3 en este proceso la importancia de la evaluaci\u00f3n de los programas educativos y la contrataci\u00f3n de perfiles con formaci\u00f3n doctoral.<\/p>\n\n\n\n<p>En el uso de la palabra, el Mtro. Eleuterio Z\u00fa\u00f1iga Reyes agradeci\u00f3 a la Universidad el reconocimiento a su trayectoria acad\u00e9mica, destacando el logro de los graduandos al concluir su carrera en medio de un contexto tan complicado por el COVID-19.<\/p>\n\n\n\n<p>Por parte de los egresados, dirigi\u00f3 un mensaje Evelin Soto Jasso, quien habl\u00f3 de las complejidades de concluir sus estudios a trav\u00e9s de plataformas que para muchos eran desconocidas, y destac\u00f3 que salen a la sociedad con la camiseta bien puesta para representar dignamente a la Universidad.<\/p>\n\n\n\n<p>author avatar<\/p>\n\n\n\n<p>Prensaaci\u00f3n 2020 de la UAMCEH-UAT<\/p>\n","protected":false},"excerpt":{"rendered":"<p>El Rector de la Universidad Aut\u00f3noma de Tamaulipas (UAT), Ing. Jos\u00e9 Andr\u00e9s Su\u00e1rez Fern\u00e1ndez, presidi\u00f3 de manera virtual la ceremonia de graduaci\u00f3n de egresados de la Unidad Acad\u00e9mica Multidisciplinaria de Ciencias, Educaci\u00f3n y Humanidades (UAMCEH). En un video mensaje, el Rector expres\u00f3 su reconocimiento a maestros y estudiantes por todo su esfuerzo para adaptarse a [&hellip;]<\/p>\n","protected":false},"author":1,"featured_media":5869,"comment_status":"closed","ping_status":"open","sticky":false,"template":"","format":"standard","meta":{"footnotes":""},"categories":[14],"tags":[],"class_list":["post-5868","post","type-post","status-publish","format-standard","has-post-thumbnail","hentry","category-uat"],"_links":{"self":[{"href":"https:\/\/vocerodelpueblo.com\/index.php?rest_route=\/wp\/v2\/posts\/5868","targetHints":{"allow":["GET"]}}],"collection":[{"href":"https:\/\/vocerodelpueblo.com\/index.php?rest_route=\/wp\/v2\/posts"}],"about":[{"href":"https:\/\/vocerodelpueblo.com\/index.php?rest_route=\/wp\/v2\/types\/post"}],"author":[{"embeddable":true,"href":"https:\/\/vocerodelpueblo.com\/index.php?rest_route=\/wp\/v2\/users\/1"}],"replies":[{"embeddable":true,"href":"https:\/\/vocerodelpueblo.com\/index.php?rest_route=%2Fwp%2Fv2%2Fcomments&post=5868"}],"version-history":[{"count":1,"href":"https:\/\/vocerodelpueblo.com\/index.php?rest_route=\/wp\/v2\/posts\/5868\/revisions"}],"predecessor-version":[{"id":5870,"href":"https:\/\/vocerodelpueblo.com\/index.php?rest_route=\/wp\/v2\/posts\/5868\/revisions\/5870"}],"wp:featuredmedia":[{"embeddable":true,"href":"https:\/\/vocerodelpueblo.com\/index.php?rest_route=\/wp\/v2\/media\/5869"}],"wp:attachment":[{"href":"https:\/\/vocerodelpueblo.com\/index.php?rest_route=%2Fwp%2Fv2%2Fmedia&parent=5868"}],"wp:term":[{"taxonomy":"category","embeddable":true,"href":"https:\/\/vocerodelpueblo.com\/index.php?rest_route=%2Fwp%2Fv2%2Fcategories&post=5868"},{"taxonomy":"post_tag","embeddable":true,"href":"https:\/\/vocerodelpueblo.com\/index.php?rest_route=%2Fwp%2Fv2%2Ftags&post=5868"}],"curies":[{"name":"wp","href":"https:\/\/api.w.org\/{rel}","templated":true}]}}