{"id":5871,"date":"2021-04-02T00:45:00","date_gmt":"2021-04-02T06:45:00","guid":{"rendered":"http:\/\/vocerodelpueblo.com\/?p=5871"},"modified":"2021-04-06T00:46:16","modified_gmt":"2021-04-06T05:46:16","slug":"mi-gobierno-continuara-otorgando-todo-el-respaldo-ala-uat-fgcv","status":"publish","type":"post","link":"https:\/\/vocerodelpueblo.com\/?p=5871","title":{"rendered":"Mi gobierno continuar\u00e1 otorgando todo el respaldo ala UAT: FGCV"},"content":{"rendered":"\n<p><em><strong>* Francisco Garc\u00eda Cabeza de Vaca acompa\u00f1\u00f3 a los universitarios en el Tercer informe del Rector Jos\u00e9 Andr\u00e9s Su\u00e1rez Fern\u00e1ndez.<\/strong><\/em><\/p>\n\n\n\n<p>La UAT hace frente a los retos para seguir avanzando y seguir siendo la universidad que desean los tamaulipecos: Rector.<\/p>\n\n\n\n<p>El Gobernador del Estado, Francisco Garc\u00eda Cabeza de Vaca, reconoci\u00f3 el esfuerzo realizado por la Universidad Aut\u00f3noma de Tamaulipas (UAT) para enfrentar los retos y circunstancias de la contingencia sanitaria y asegurar con la capacidad y talento de los universitarios la calidad de la educaci\u00f3n en beneficio de la sociedad tamaulipeca.<\/p>\n\n\n\n<p>El mandatario estatal puso de relieve lo anterior, luego de presenciar el informe que rindi\u00f3 el Rector Ing. Jos\u00e9 Andr\u00e9s Su\u00e1rez Fern\u00e1ndez en su tercer a\u00f1o al frente de la m\u00e1xima casa de estudios de Tamaulipas, en una ceremonia solemne efectuada en el Aula Magna \u201cHerman Harris Fleishman\u201d, del Centro Universitario Sur (Campus Tampico).<\/p>\n\n\n\n<p>Celebr\u00f3 tambi\u00e9n acompa\u00f1ar al Rector y a los universitarios de una instituci\u00f3n que dijo, contribuye a formar personas \u00edntegras: \u201cacompa\u00f1arle es refrendar la certeza en un futuro cada vez mejor para Tamaulipas, estoy convencido de que aqu\u00ed no solo se est\u00e1n formando profesionistas capaces, sino tambi\u00e9n seres humanos con hambre de saber y de servir a su estado y a su pa\u00eds\u201d, indic\u00f3.<\/p>\n\n\n\n<p>\u201cEn la Universidad Aut\u00f3noma de Tamaulipas, se siembra la semilla del conocimiento y se germina la esperanza del cambio continuo, en una sociedad destinada a convertir el m\u00e1s grande reto, en la mayor oportunidad de progreso\u201d, agreg\u00f3.<\/p>\n\n\n\n<p>\u201cReconozco lo realizado y refrendo que mi gobierno continuar\u00e1 otorgando todo el respaldo a la UAT, sabedor de que el presente y futuro de Tamaulipas, depende de los j\u00f3venes que en ella se preparan\u201d, subray\u00f3.<\/p>\n\n\n\n<p>\u201cSigan contando con un Gobernador que entiende bien que ning\u00fan proyecto de cambio podr\u00e1 ser exitoso si no se tiene en conocimiento a la educaci\u00f3n\u201d, expres\u00f3, tras puntualizar el apoyo y compromiso de la administraci\u00f3n estatal en las gestiones del Rector, en las cuales recientemente se concretaron una serie de obras de infraestructura en distintas facultades de los campus Victoria, Reynosa y Matamoros.<\/p>\n\n\n\n<p>En cumplimiento al Estatuto Org\u00e1nico de la UAT, y atendiendo las recomendaciones sanitarias para la realizaci\u00f3n de actos p\u00fablicos, el ingeniero Su\u00e1rez Fern\u00e1ndez present\u00f3 en el Aula Magna del Campus Tampico un detallado video con los logros y avances de un a\u00f1o de trabajo que dijo, ha sido in\u00e9dito, de grandes retos e innovaciones educativas frente a la pandemia por Covid-19.<\/p>\n\n\n\n<p>Puntualiz\u00f3 que la UAT hace frente a los retos para seguir avanzando y&nbsp; seguir siendo la universidad que desean los tamaulipecos.<\/p>\n\n\n\n<p>Agradeci\u00f3 la asistencia del Licenciado Francisco Garc\u00eda Cabeza de Vaca, y le expres\u00f3 su reconocimiento por apoyar a la juventud, con mejores oportunidades para su formaci\u00f3n integral y desarrollo profesional.<\/p>\n\n\n\n<p>Destac\u00f3 la entrega de est\u00edmulos econ\u00f3micos a m\u00e1s de 5 300 estudiantes en el programa de BecasTam, y que representa un importante apoyo para que puedan continuar con sus estudios.<\/p>\n\n\n\n<p>\u201cGracias de parte de todos nuestros j\u00f3venes, se\u00f1or Gobernador, cuente siempre con la universidad, como este ej\u00e9rcito de j\u00f3venes universitarios que quieren un mejor Tamaulipas\u201d, a\u00f1adi\u00f3 el Rector.<\/p>\n\n\n\n<p>En este marco, en nombre de la Asamblea Universitaria, le brind\u00f3 al Gobernador el honor de entregar un reconocimiento especial a la Facultad de Odontolog\u00eda de Tampico, que obtuvo el Premio Nivel 1 Plus a la licenciatura de M\u00e9dico Cirujano Dentista por la calidad de sus egresados, y que fue otorgado por el Centro Nacional de Evaluaci\u00f3n para la Educaci\u00f3n Superior (Ceneval).<\/p>\n\n\n\n<div class=\"wp-block-image\"><figure class=\"aligncenter size-large\"><img loading=\"lazy\" decoding=\"async\" width=\"728\" height=\"348\" src=\"https:\/\/vocerodelpueblo.com\/wp-content\/uploads\/2021\/04\/Foto-3-tercer-informe-29-03-2021-728x348.jpg\" alt=\"\" class=\"wp-image-5873\" srcset=\"https:\/\/vocerodelpueblo.com\/wp-content\/uploads\/2021\/04\/Foto-3-tercer-informe-29-03-2021-728x348.jpg 728w, https:\/\/vocerodelpueblo.com\/wp-content\/uploads\/2021\/04\/Foto-3-tercer-informe-29-03-2021-350x167.jpg 350w, https:\/\/vocerodelpueblo.com\/wp-content\/uploads\/2021\/04\/Foto-3-tercer-informe-29-03-2021.jpg 768w\" sizes=\"auto, (max-width: 728px) 100vw, 728px\" \/><\/figure><\/div>\n","protected":false},"excerpt":{"rendered":"<p>* Francisco Garc\u00eda Cabeza de Vaca acompa\u00f1\u00f3 a los universitarios en el Tercer informe del Rector Jos\u00e9 Andr\u00e9s Su\u00e1rez Fern\u00e1ndez. La UAT hace frente a los retos para seguir avanzando y seguir siendo la universidad que desean los tamaulipecos: Rector. El Gobernador del Estado, Francisco Garc\u00eda Cabeza de Vaca, reconoci\u00f3 el esfuerzo realizado por la [&hellip;]<\/p>\n","protected":false},"author":1,"featured_media":5872,"comment_status":"closed","ping_status":"open","sticky":false,"template":"","format":"standard","meta":{"footnotes":""},"categories":[14],"tags":[],"class_list":["post-5871","post","type-post","status-publish","format-standard","has-post-thumbnail","hentry","category-uat"],"_links":{"self":[{"href":"https:\/\/vocerodelpueblo.com\/index.php?rest_route=\/wp\/v2\/posts\/5871","targetHints":{"allow":["GET"]}}],"collection":[{"href":"https:\/\/vocerodelpueblo.com\/index.php?rest_route=\/wp\/v2\/posts"}],"about":[{"href":"https:\/\/vocerodelpueblo.com\/index.php?rest_route=\/wp\/v2\/types\/post"}],"author":[{"embeddable":true,"href":"https:\/\/vocerodelpueblo.com\/index.php?rest_route=\/wp\/v2\/users\/1"}],"replies":[{"embeddable":true,"href":"https:\/\/vocerodelpueblo.com\/index.php?rest_route=%2Fwp%2Fv2%2Fcomments&post=5871"}],"version-history":[{"count":1,"href":"https:\/\/vocerodelpueblo.com\/index.php?rest_route=\/wp\/v2\/posts\/5871\/revisions"}],"predecessor-version":[{"id":5874,"href":"https:\/\/vocerodelpueblo.com\/index.php?rest_route=\/wp\/v2\/posts\/5871\/revisions\/5874"}],"wp:featuredmedia":[{"embeddable":true,"href":"https:\/\/vocerodelpueblo.com\/index.php?rest_route=\/wp\/v2\/media\/5872"}],"wp:attachment":[{"href":"https:\/\/vocerodelpueblo.com\/index.php?rest_route=%2Fwp%2Fv2%2Fmedia&parent=5871"}],"wp:term":[{"taxonomy":"category","embeddable":true,"href":"https:\/\/vocerodelpueblo.com\/index.php?rest_route=%2Fwp%2Fv2%2Fcategories&post=5871"},{"taxonomy":"post_tag","embeddable":true,"href":"https:\/\/vocerodelpueblo.com\/index.php?rest_route=%2Fwp%2Fv2%2Ftags&post=5871"}],"curies":[{"name":"wp","href":"https:\/\/api.w.org\/{rel}","templated":true}]}}