{"id":5877,"date":"2021-04-05T00:53:00","date_gmt":"2021-04-05T05:53:00","guid":{"rendered":"http:\/\/vocerodelpueblo.com\/?p=5877"},"modified":"2021-04-06T00:54:09","modified_gmt":"2021-04-06T05:54:09","slug":"eric-sosa-mar-candidato-del-pan-coalicion-pri-prd","status":"publish","type":"post","link":"https:\/\/vocerodelpueblo.com\/?p=5877","title":{"rendered":"ERIC SOSA MAR CANDIDATO DEL PAN COALICI\u00d3N PRI-PRD"},"content":{"rendered":"\n<p>INICIA ERIC SOSA MAR CANDIDATO DEL PAN COALICI\u00d3N PRI, PRD DONDE DIO INICIO CAMPA\u00d1A DE PROSELITISMO ALA DIPUTACI\u00d3N FEDERAL QUE COMPRENDE 15 MUNICIPIOS.<\/p>\n\n\n\n<p><\/p>\n","protected":false},"excerpt":{"rendered":"<p>INICIA ERIC SOSA MAR CANDIDATO DEL PAN COALICI\u00d3N PRI, PRD DONDE DIO INICIO CAMPA\u00d1A DE PROSELITISMO ALA DIPUTACI\u00d3N FEDERAL QUE COMPRENDE 15 MUNICIPIOS.<\/p>\n","protected":false},"author":1,"featured_media":5878,"comment_status":"closed","ping_status":"open","sticky":false,"template":"","format":"standard","meta":{"footnotes":""},"categories":[6,10],"tags":[],"class_list":["post-5877","post","type-post","status-publish","format-standard","has-post-thumbnail","hentry","category-norte-de-veracruz","category-veracruz"],"_links":{"self":[{"href":"https:\/\/vocerodelpueblo.com\/index.php?rest_route=\/wp\/v2\/posts\/5877","targetHints":{"allow":["GET"]}}],"collection":[{"href":"https:\/\/vocerodelpueblo.com\/index.php?rest_route=\/wp\/v2\/posts"}],"about":[{"href":"https:\/\/vocerodelpueblo.com\/index.php?rest_route=\/wp\/v2\/types\/post"}],"author":[{"embeddable":true,"href":"https:\/\/vocerodelpueblo.com\/index.php?rest_route=\/wp\/v2\/users\/1"}],"replies":[{"embeddable":true,"href":"https:\/\/vocerodelpueblo.com\/index.php?rest_route=%2Fwp%2Fv2%2Fcomments&post=5877"}],"version-history":[{"count":1,"href":"https:\/\/vocerodelpueblo.com\/index.php?rest_route=\/wp\/v2\/posts\/5877\/revisions"}],"predecessor-version":[{"id":5879,"href":"https:\/\/vocerodelpueblo.com\/index.php?rest_route=\/wp\/v2\/posts\/5877\/revisions\/5879"}],"wp:featuredmedia":[{"embeddable":true,"href":"https:\/\/vocerodelpueblo.com\/index.php?rest_route=\/wp\/v2\/media\/5878"}],"wp:attachment":[{"href":"https:\/\/vocerodelpueblo.com\/index.php?rest_route=%2Fwp%2Fv2%2Fmedia&parent=5877"}],"wp:term":[{"taxonomy":"category","embeddable":true,"href":"https:\/\/vocerodelpueblo.com\/index.php?rest_route=%2Fwp%2Fv2%2Fcategories&post=5877"},{"taxonomy":"post_tag","embeddable":true,"href":"https:\/\/vocerodelpueblo.com\/index.php?rest_route=%2Fwp%2Fv2%2Ftags&post=5877"}],"curies":[{"name":"wp","href":"https:\/\/api.w.org\/{rel}","templated":true}]}}