{"id":5935,"date":"2021-04-16T21:16:25","date_gmt":"2021-04-17T02:16:25","guid":{"rendered":"http:\/\/vocerodelpueblo.com\/?p=5935"},"modified":"2021-04-16T21:16:26","modified_gmt":"2021-04-17T02:16:26","slug":"supervisa-gobernador-obras-en-parque-urbano-de-la-laguna-del-carpintero","status":"publish","type":"post","link":"https:\/\/vocerodelpueblo.com\/?p=5935","title":{"rendered":"Supervisa Gobernador obras en Parque Urbano de la Laguna del Carpintero"},"content":{"rendered":"\n<p>Tampico, Tamaulipas.- El Gobernador Francisco Garc\u00eda Cabeza de Vaca realiz\u00f3 una visita a la zona conurbada del sur del estado, donde supervis\u00f3 el pabell\u00f3n ganadero y la ampliaci\u00f3n del tramo 7 del malec\u00f3n; obras que forman parte del proyecto del Parque Urbano de la Laguna del Carpintero en Tampico.<\/p>\n\n\n\n<p>\u201cSupervisando lo que sin temor a equivocarme ser\u00e1 uno de los parques urbanos m\u00e1s importantes en nuestro pa\u00eds, y emblem\u00e1tico para Tampico, para Tamaulipas\u201d, dijo el gobernador.<\/p>\n\n\n\n<p>Dijo que estas \u00e1reas son obras complementarias al circuito tur\u00edstico, que contar\u00e1 con recinto ferial, un pabell\u00f3n ganadero, espacios que dar\u00e1n un fuerte impulso al desarrollo econ\u00f3mico y un mayor flujo de visitantes y turistas que ven al sur de Tamaulipas, como punto de referencia para el turismo nacional.<\/p>\n\n\n\n<p>Los trabajos en esta \u00e1rea protegida, preservan el cuidado del entorno medioambiental, h\u00e1bitat del cocodrilo de pantano, mangles, iguanas y otras especies de la zona.<\/p>\n\n\n\n<p>Posteriormente, el Gobernador acudi\u00f3 al m\u00f3dulo de vacunaci\u00f3n para adultos mayores contra el SARS-CoV-2, en la Unidad Deportiva en la zona norte de Tampico.<\/p>\n\n\n\n<p>Cabeza de Vaca, constat\u00f3 la coordinaci\u00f3n entre el Gobierno federal-DIF Estatal-DIF Tampico-Secretaria Salud Tamaulipas.<\/p>\n\n\n\n<p>\u201cNosotros insistimos mucho a la Federaci\u00f3n que nos permitieran coadyuvar con el \u00fanico prop\u00f3sito de que se agilizar\u00e1 la aplicaci\u00f3n de la vacuna; cuando unes esfuerzos, capacidades y voluntad, las cosas salen adelante y es lo que estamos viendo hoy en d\u00eda\u201d resalt\u00f3 el mandatario.<\/p>\n\n\n\n<p>Como parte de esta gira de trabajo, acudi\u00f3 a la colonia Esfuerzo Obrero en Tampico, donde verific\u00f3 los trabajos de modernizaci\u00f3n de la calle Vicente Guerrero, una obra anhelada por los vecinos por m\u00e1s de 40 a\u00f1os.<\/p>\n","protected":false},"excerpt":{"rendered":"<p>Tampico, Tamaulipas.- El Gobernador Francisco Garc\u00eda Cabeza de Vaca realiz\u00f3 una visita a la zona conurbada del sur del estado, donde supervis\u00f3 el pabell\u00f3n ganadero y la ampliaci\u00f3n del tramo 7 del malec\u00f3n; obras que forman parte del proyecto del Parque Urbano de la Laguna del Carpintero en Tampico. \u201cSupervisando lo que sin temor a [&hellip;]<\/p>\n","protected":false},"author":1,"featured_media":5936,"comment_status":"closed","ping_status":"open","sticky":false,"template":"","format":"standard","meta":{"footnotes":""},"categories":[2,3],"tags":[],"class_list":["post-5935","post","type-post","status-publish","format-standard","has-post-thumbnail","hentry","category-zonaconurbada","category-tampico"],"_links":{"self":[{"href":"https:\/\/vocerodelpueblo.com\/index.php?rest_route=\/wp\/v2\/posts\/5935","targetHints":{"allow":["GET"]}}],"collection":[{"href":"https:\/\/vocerodelpueblo.com\/index.php?rest_route=\/wp\/v2\/posts"}],"about":[{"href":"https:\/\/vocerodelpueblo.com\/index.php?rest_route=\/wp\/v2\/types\/post"}],"author":[{"embeddable":true,"href":"https:\/\/vocerodelpueblo.com\/index.php?rest_route=\/wp\/v2\/users\/1"}],"replies":[{"embeddable":true,"href":"https:\/\/vocerodelpueblo.com\/index.php?rest_route=%2Fwp%2Fv2%2Fcomments&post=5935"}],"version-history":[{"count":1,"href":"https:\/\/vocerodelpueblo.com\/index.php?rest_route=\/wp\/v2\/posts\/5935\/revisions"}],"predecessor-version":[{"id":5937,"href":"https:\/\/vocerodelpueblo.com\/index.php?rest_route=\/wp\/v2\/posts\/5935\/revisions\/5937"}],"wp:featuredmedia":[{"embeddable":true,"href":"https:\/\/vocerodelpueblo.com\/index.php?rest_route=\/wp\/v2\/media\/5936"}],"wp:attachment":[{"href":"https:\/\/vocerodelpueblo.com\/index.php?rest_route=%2Fwp%2Fv2%2Fmedia&parent=5935"}],"wp:term":[{"taxonomy":"category","embeddable":true,"href":"https:\/\/vocerodelpueblo.com\/index.php?rest_route=%2Fwp%2Fv2%2Fcategories&post=5935"},{"taxonomy":"post_tag","embeddable":true,"href":"https:\/\/vocerodelpueblo.com\/index.php?rest_route=%2Fwp%2Fv2%2Ftags&post=5935"}],"curies":[{"name":"wp","href":"https:\/\/api.w.org\/{rel}","templated":true}]}}