{"id":6173,"date":"2021-05-07T11:17:42","date_gmt":"2021-05-07T16:17:42","guid":{"rendered":"http:\/\/vocerodelpueblo.com\/?p=6173"},"modified":"2021-05-07T11:17:44","modified_gmt":"2021-05-07T16:17:44","slug":"designa-uat-a-maestra-universitaria-2021","status":"publish","type":"post","link":"https:\/\/vocerodelpueblo.com\/?p=6173","title":{"rendered":"Designa UAT a \u201cMaestra Universitaria 2021\u201d"},"content":{"rendered":"\n<p><\/p>\n\n\n\n<p>Eligen universitarios a la Dra. Jeny Haide\u00e9 Espinosa Barajas para representar a la UAT ante la Red Nacional de Instituciones de Educaci\u00f3n Superior (RENIES) para la Igualdad de G\u00e9nero.<\/p>\n\n\n\n<p>La Dra. Jeny Haide\u00e9 Espinosa Barajas representar\u00e1 a la Universidad Aut\u00f3noma de Tamaulipas (UAT) ante la Red Nacional de Instituciones de Educaci\u00f3n Superior (RENIES) para la Igualdad de G\u00e9nero, al haber obtenido el reconocimiento \u201cMaestra Universitaria 2021\u201d.<\/p>\n\n\n\n<p>La catedr\u00e1tica de la Unidad Acad\u00e9mica de Trabajo Social y Ciencias para el Desarrollo Humano (UATSCDH), fue seleccionada con 5,473 votos como Maestra Universitaria 2021, mediante el concurso convocado a trav\u00e9s de las redes sociales por la Direcci\u00f3n de Participaci\u00f3n Estudiantil de la Secretar\u00eda de Gesti\u00f3n Escolar de la UAT.<\/p>\n\n\n\n<p>La Dra. Espinosa Barajas agradeci\u00f3 el apoyo para obtener este reconocimiento que le otorga la comunidad universitaria por ser un ejemplo y promover la igualdad de g\u00e9nero entre las y los estudiantes de la m\u00e1xima casa de estudios del estado.<\/p>\n\n\n\n<p>En la organizaci\u00f3n del evento, la Direcci\u00f3n de Participaci\u00f3n Estudiantil convoc\u00f3 en su sitio de Facebook la participaci\u00f3n de los estudiantes, que hicieron llegar sus propuestas por medio de la red social para elegir a la \u201cMaestra Universitaria 2021\u201d.<\/p>\n\n\n\n<p>Con ello se dio respuesta a la convocatoria que fue emitida por la RENIES para hacer un reconocimiento a la gran labor que desempe\u00f1an las profesoras universitarias de la UAT.<\/p>\n\n\n\n<p>Cabe mencionar que la RENIES promueve en 52 instituciones de educaci\u00f3n superior procesos de institucionalizaci\u00f3n y transversalizaci\u00f3n de la perspectiva de g\u00e9nero al interior de las comunidades de educaci\u00f3n superior.<\/p>\n\n\n\n<p>Por su parte, la administraci\u00f3n del Rector Jos\u00e9 Andr\u00e9s Su\u00e1rez Fern\u00e1ndez promueve el programa institucional Igualdades UAT, entre cuyos objetivos est\u00e1 el de transversalizar la cultura de la igualdad en la comunidad universitaria, con \u00e9nfasis en la docencia, la investigaci\u00f3n, la extensi\u00f3n y la gesti\u00f3n institucional.<\/p>\n\n\n\n<p>En este sentido se implementan acciones como la promoci\u00f3n y sensibilizaci\u00f3n de la cultura de igualdad de g\u00e9nero, el fortalecimiento de las l\u00edneas de generaci\u00f3n y aplicaci\u00f3n del conocimiento y las acciones formales para prevenir y atender la violencia de g\u00e9nero.<\/p>\n","protected":false},"excerpt":{"rendered":"<p>Eligen universitarios a la Dra. Jeny Haide\u00e9 Espinosa Barajas para representar a la UAT ante la Red Nacional de Instituciones de Educaci\u00f3n Superior (RENIES) para la Igualdad de G\u00e9nero. La Dra. Jeny Haide\u00e9 Espinosa Barajas representar\u00e1 a la Universidad Aut\u00f3noma de Tamaulipas (UAT) ante la Red Nacional de Instituciones de Educaci\u00f3n Superior (RENIES) para la [&hellip;]<\/p>\n","protected":false},"author":1,"featured_media":6174,"comment_status":"closed","ping_status":"open","sticky":false,"template":"","format":"standard","meta":{"footnotes":""},"categories":[14],"tags":[],"class_list":["post-6173","post","type-post","status-publish","format-standard","has-post-thumbnail","hentry","category-uat"],"_links":{"self":[{"href":"https:\/\/vocerodelpueblo.com\/index.php?rest_route=\/wp\/v2\/posts\/6173","targetHints":{"allow":["GET"]}}],"collection":[{"href":"https:\/\/vocerodelpueblo.com\/index.php?rest_route=\/wp\/v2\/posts"}],"about":[{"href":"https:\/\/vocerodelpueblo.com\/index.php?rest_route=\/wp\/v2\/types\/post"}],"author":[{"embeddable":true,"href":"https:\/\/vocerodelpueblo.com\/index.php?rest_route=\/wp\/v2\/users\/1"}],"replies":[{"embeddable":true,"href":"https:\/\/vocerodelpueblo.com\/index.php?rest_route=%2Fwp%2Fv2%2Fcomments&post=6173"}],"version-history":[{"count":1,"href":"https:\/\/vocerodelpueblo.com\/index.php?rest_route=\/wp\/v2\/posts\/6173\/revisions"}],"predecessor-version":[{"id":6175,"href":"https:\/\/vocerodelpueblo.com\/index.php?rest_route=\/wp\/v2\/posts\/6173\/revisions\/6175"}],"wp:featuredmedia":[{"embeddable":true,"href":"https:\/\/vocerodelpueblo.com\/index.php?rest_route=\/wp\/v2\/media\/6174"}],"wp:attachment":[{"href":"https:\/\/vocerodelpueblo.com\/index.php?rest_route=%2Fwp%2Fv2%2Fmedia&parent=6173"}],"wp:term":[{"taxonomy":"category","embeddable":true,"href":"https:\/\/vocerodelpueblo.com\/index.php?rest_route=%2Fwp%2Fv2%2Fcategories&post=6173"},{"taxonomy":"post_tag","embeddable":true,"href":"https:\/\/vocerodelpueblo.com\/index.php?rest_route=%2Fwp%2Fv2%2Ftags&post=6173"}],"curies":[{"name":"wp","href":"https:\/\/api.w.org\/{rel}","templated":true}]}}