{"id":6192,"date":"2021-05-07T11:30:15","date_gmt":"2021-05-07T16:30:15","guid":{"rendered":"http:\/\/vocerodelpueblo.com\/?p=6192"},"modified":"2021-05-07T11:32:21","modified_gmt":"2021-05-07T16:32:21","slug":"yara-yamilet-aguilar-gil-inicio-campana-como-candidata-a-presidenta-municipal-de-chinampa-de-gorostiza","status":"publish","type":"post","link":"https:\/\/vocerodelpueblo.com\/?p=6192","title":{"rendered":"YARA YAMILET AGUILAR GIL, INICIO CAMPA\u00d1A COMO CANDIDATA A PRESIDENTA MUNICIPAL  DE CHINAMPA DE GOROSTIZA."},"content":{"rendered":"\n<p>Arrancamos nuestro primer d\u00eda de campa\u00f1a, caminando y saludando a las familias de Kil\u00f3metro 22.<br>Muchas gracias a mi gente por su respaldo.<\/p>\n\n\n\n<iframe loading=\"lazy\" src=\"https:\/\/www.facebook.com\/plugins\/video.php?height=314&#038;href=https%3A%2F%2Fwww.facebook.com%2F101193982118434%2Fvideos%2F839170480004262%2F&#038;show_text=false&#038;width=560\" width=\"560\" height=\"314\" style=\"border:none;overflow:hidden\" scrolling=\"no\" frameborder=\"0\" allowfullscreen=\"true\" allow=\"autoplay; clipboard-write; encrypted-media; picture-in-picture; web-share\" allowFullScreen=\"true\"><\/iframe>\n\n\n\n<p>EnChinampaJuntosHacemosHistoria<br>Juntos hasta la Victoria.<\/p>\n\n\n\n<p>LasMujerestambienpueden<\/p>\n\n\n\n<p>YoconYaraYamileth<\/p>\n","protected":false},"excerpt":{"rendered":"<p>Arrancamos nuestro primer d\u00eda de campa\u00f1a, caminando y saludando a las familias de Kil\u00f3metro 22.Muchas gracias a mi gente por su respaldo. EnChinampaJuntosHacemosHistoriaJuntos hasta la Victoria. LasMujerestambienpueden YoconYaraYamileth<\/p>\n","protected":false},"author":1,"featured_media":6193,"comment_status":"closed","ping_status":"open","sticky":false,"template":"","format":"standard","meta":{"footnotes":""},"categories":[6,10],"tags":[],"class_list":["post-6192","post","type-post","status-publish","format-standard","has-post-thumbnail","hentry","category-norte-de-veracruz","category-veracruz"],"_links":{"self":[{"href":"https:\/\/vocerodelpueblo.com\/index.php?rest_route=\/wp\/v2\/posts\/6192","targetHints":{"allow":["GET"]}}],"collection":[{"href":"https:\/\/vocerodelpueblo.com\/index.php?rest_route=\/wp\/v2\/posts"}],"about":[{"href":"https:\/\/vocerodelpueblo.com\/index.php?rest_route=\/wp\/v2\/types\/post"}],"author":[{"embeddable":true,"href":"https:\/\/vocerodelpueblo.com\/index.php?rest_route=\/wp\/v2\/users\/1"}],"replies":[{"embeddable":true,"href":"https:\/\/vocerodelpueblo.com\/index.php?rest_route=%2Fwp%2Fv2%2Fcomments&post=6192"}],"version-history":[{"count":2,"href":"https:\/\/vocerodelpueblo.com\/index.php?rest_route=\/wp\/v2\/posts\/6192\/revisions"}],"predecessor-version":[{"id":6198,"href":"https:\/\/vocerodelpueblo.com\/index.php?rest_route=\/wp\/v2\/posts\/6192\/revisions\/6198"}],"wp:featuredmedia":[{"embeddable":true,"href":"https:\/\/vocerodelpueblo.com\/index.php?rest_route=\/wp\/v2\/media\/6193"}],"wp:attachment":[{"href":"https:\/\/vocerodelpueblo.com\/index.php?rest_route=%2Fwp%2Fv2%2Fmedia&parent=6192"}],"wp:term":[{"taxonomy":"category","embeddable":true,"href":"https:\/\/vocerodelpueblo.com\/index.php?rest_route=%2Fwp%2Fv2%2Fcategories&post=6192"},{"taxonomy":"post_tag","embeddable":true,"href":"https:\/\/vocerodelpueblo.com\/index.php?rest_route=%2Fwp%2Fv2%2Ftags&post=6192"}],"curies":[{"name":"wp","href":"https:\/\/api.w.org\/{rel}","templated":true}]}}