{"id":6219,"date":"2021-05-08T13:42:21","date_gmt":"2021-05-08T18:42:21","guid":{"rendered":"http:\/\/vocerodelpueblo.com\/?p=6219"},"modified":"2021-05-08T13:42:21","modified_gmt":"2021-05-08T18:42:21","slug":"con-ciro-altamira-ganara-luis-rene-cantu","status":"publish","type":"post","link":"https:\/\/vocerodelpueblo.com\/?p=6219","title":{"rendered":"\u201cCon Ciro Altamira ganar\u00e1 \u201d: Luis Ren\u00e9 Cant\u00fa"},"content":{"rendered":"\n<p><\/p>\n\n\n\n<p>Reflejo de la confianza ciudadana en Acci\u00f3n Nacional \u201cen Altamira se obtendr\u00e1 el \u00e9xito con Ciro Hern\u00e1ndez Arteaga\u201d, sostuvo Luis Rene Cant\u00fa Galv\u00e1n, dirigente del partido en Tamaulipas.<\/p>\n\n\n\n<p>Durante un encuentro con vecinos de los sectores Ampliaci\u00f3n Miramar, Bah\u00eda, Plomeros y Santo Tom\u00e1s donde acompa\u00f1\u00f3 al aspirante del PAN por la alcald\u00eda, se\u00f1al\u00f3 que los candidatos son grandes hombres y mujeres que llevan en alto el proyecto de bienestar para sus municipios, por lo que indudablemente contar\u00e1n con el respaldo ciudadano.<\/p>\n\n\n\n<p>Ciro Hern\u00e1ndez, por su parte agradeci\u00f3 el apoyo de Cant\u00fa Galv\u00e1n a la par de garantizar un trabajo en uni\u00f3n con los pr\u00f3ximos presidentes municipales con un esquema de labor continuo donde la zona metropolitana sea beneficiada.<\/p>\n\n\n\n<p>Altamira -dijo- trabajar\u00e1 dando lo mejor de s\u00ed y sacando a la luz las virtudes y bondades que lograr\u00e1n conjugarse para repuntar como un municipio de orden y progreso.<\/p>\n\n\n\n<p>\u201cLa gran Historia de Altamira\u201d avanza, y con paso firme de Ciro Hern\u00e1ndez rumbo a la alcald\u00eda altamirense el proyecto municipal se encarrila para generar un plan donde todas las necesidades sean tomadas en cuenta.<\/p>\n","protected":false},"excerpt":{"rendered":"<p>Reflejo de la confianza ciudadana en Acci\u00f3n Nacional \u201cen Altamira se obtendr\u00e1 el \u00e9xito con Ciro Hern\u00e1ndez Arteaga\u201d, sostuvo Luis Rene Cant\u00fa Galv\u00e1n, dirigente del partido en Tamaulipas. Durante un encuentro con vecinos de los sectores Ampliaci\u00f3n Miramar, Bah\u00eda, Plomeros y Santo Tom\u00e1s donde acompa\u00f1\u00f3 al aspirante del PAN por la alcald\u00eda, se\u00f1al\u00f3 que los [&hellip;]<\/p>\n","protected":false},"author":1,"featured_media":6220,"comment_status":"closed","ping_status":"open","sticky":false,"template":"","format":"standard","meta":{"footnotes":""},"categories":[5,2],"tags":[],"class_list":["post-6219","post","type-post","status-publish","format-standard","has-post-thumbnail","hentry","category-altamira","category-zonaconurbada"],"_links":{"self":[{"href":"https:\/\/vocerodelpueblo.com\/index.php?rest_route=\/wp\/v2\/posts\/6219","targetHints":{"allow":["GET"]}}],"collection":[{"href":"https:\/\/vocerodelpueblo.com\/index.php?rest_route=\/wp\/v2\/posts"}],"about":[{"href":"https:\/\/vocerodelpueblo.com\/index.php?rest_route=\/wp\/v2\/types\/post"}],"author":[{"embeddable":true,"href":"https:\/\/vocerodelpueblo.com\/index.php?rest_route=\/wp\/v2\/users\/1"}],"replies":[{"embeddable":true,"href":"https:\/\/vocerodelpueblo.com\/index.php?rest_route=%2Fwp%2Fv2%2Fcomments&post=6219"}],"version-history":[{"count":1,"href":"https:\/\/vocerodelpueblo.com\/index.php?rest_route=\/wp\/v2\/posts\/6219\/revisions"}],"predecessor-version":[{"id":6221,"href":"https:\/\/vocerodelpueblo.com\/index.php?rest_route=\/wp\/v2\/posts\/6219\/revisions\/6221"}],"wp:featuredmedia":[{"embeddable":true,"href":"https:\/\/vocerodelpueblo.com\/index.php?rest_route=\/wp\/v2\/media\/6220"}],"wp:attachment":[{"href":"https:\/\/vocerodelpueblo.com\/index.php?rest_route=%2Fwp%2Fv2%2Fmedia&parent=6219"}],"wp:term":[{"taxonomy":"category","embeddable":true,"href":"https:\/\/vocerodelpueblo.com\/index.php?rest_route=%2Fwp%2Fv2%2Fcategories&post=6219"},{"taxonomy":"post_tag","embeddable":true,"href":"https:\/\/vocerodelpueblo.com\/index.php?rest_route=%2Fwp%2Fv2%2Ftags&post=6219"}],"curies":[{"name":"wp","href":"https:\/\/api.w.org\/{rel}","templated":true}]}}