{"id":672,"date":"2016-09-12T12:35:20","date_gmt":"2016-09-12T17:35:20","guid":{"rendered":"http:\/\/vocerodelpueblo.com\/?p=672"},"modified":"2016-09-13T12:35:38","modified_gmt":"2016-09-13T17:35:38","slug":"mas-comunidades-rurales-de-tantima-cuentan-con-agua-potable","status":"publish","type":"post","link":"https:\/\/vocerodelpueblo.com\/?p=672","title":{"rendered":"MAS COMUNIDADES RURALES DE TANTIMA CUENTAN CON AGUA POTABLE"},"content":{"rendered":"<h3><img loading=\"lazy\" decoding=\"async\" class=\"aligncenter wp-image-673 \" src=\"https:\/\/vocerodelpueblo.com\/wp-content\/uploads\/2016\/09\/IMG_0954.jpg\" alt=\"IMG_0954\" width=\"766\" height=\"458\" srcset=\"https:\/\/vocerodelpueblo.com\/wp-content\/uploads\/2016\/09\/IMG_0954.jpg 781w, https:\/\/vocerodelpueblo.com\/wp-content\/uploads\/2016\/09\/IMG_0954-300x179.jpg 300w, https:\/\/vocerodelpueblo.com\/wp-content\/uploads\/2016\/09\/IMG_0954-768x459.jpg 768w\" sizes=\"auto, (max-width: 766px) 100vw, 766px\" \/><\/h3>\n<h3><em><strong>Positiva labor del alcalde R\u00f3mulo Melo Arbona<\/strong><\/em><\/h3>\n<p>&nbsp;<\/p>\n<p><span style=\"font-weight: 400;\">TANTIMA, Ver.- En sencillo acto, el alcalde R\u00f3mulo Melo Arbona llev\u00f3 a cabo la entrega de un sistema de agua potable en la comunidad de Naranjal, como parte de un amplio programa de inversi\u00f3n destinado a ampliar la cobertura de los servicios b\u00e1sicos.<\/span><\/p>\n<p><span style=\"font-weight: 400;\">En sencillo pero significativo acto, el Jefe dela Comuna puso en servicio una obra m\u00e1s que representa m\u00e1s compromisos cumplidos en su administraci\u00f3n.<\/span><\/p>\n<p><span style=\"font-weight: 400;\">Acompa\u00f1ado por sus m\u00e1s cercanos colaboradores, Melo Arbona dijo que mejorar el suministro de agua potable es un acto de justicia social que est\u00e1 llegando a m\u00e1s comunidades y sectores del municipio.<\/span><\/p>\n<p><span style=\"font-weight: 400;\">Indic\u00f3 que la aplicaci\u00f3n de los recursos presupuestales asignados a obras de infraestructura b\u00e1sica se aplica con total transparencia, logrando as\u00ed que las obras generen el progreso para todos.<\/span><\/p>\n<p><span style=\"font-weight: 400;\">El alcalde visita regularmente las comunidades y ejidos de Tantima, donde es recibido con entusiasmo por las familias, ya que saben y conocen de su permanente labor a favor del progreso y desarrollo social.<\/span><\/p>\n<p><span style=\"font-weight: 400;\">Agreg\u00f3 que se atienden tambi\u00e9n otras necesidades\u00a0 como son escuelas, salud, caminos y puentes rurales, el campo, etc.<\/span><\/p>\n<p>&nbsp;<\/p>\n","protected":false},"excerpt":{"rendered":"<p>Positiva labor del alcalde R\u00f3mulo Melo Arbona &nbsp; TANTIMA, Ver.- En sencillo acto, el alcalde R\u00f3mulo Melo Arbona llev\u00f3 a cabo la entrega de un sistema de agua potable en la comunidad de Naranjal, como parte de un amplio programa de inversi\u00f3n destinado a ampliar la cobertura de los servicios b\u00e1sicos. En sencillo pero significativo [&hellip;]<\/p>\n","protected":false},"author":1,"featured_media":673,"comment_status":"open","ping_status":"open","sticky":false,"template":"","format":"standard","meta":{"footnotes":""},"categories":[6,10],"tags":[],"class_list":["post-672","post","type-post","status-publish","format-standard","has-post-thumbnail","hentry","category-norte-de-veracruz","category-veracruz"],"_links":{"self":[{"href":"https:\/\/vocerodelpueblo.com\/index.php?rest_route=\/wp\/v2\/posts\/672","targetHints":{"allow":["GET"]}}],"collection":[{"href":"https:\/\/vocerodelpueblo.com\/index.php?rest_route=\/wp\/v2\/posts"}],"about":[{"href":"https:\/\/vocerodelpueblo.com\/index.php?rest_route=\/wp\/v2\/types\/post"}],"author":[{"embeddable":true,"href":"https:\/\/vocerodelpueblo.com\/index.php?rest_route=\/wp\/v2\/users\/1"}],"replies":[{"embeddable":true,"href":"https:\/\/vocerodelpueblo.com\/index.php?rest_route=%2Fwp%2Fv2%2Fcomments&post=672"}],"version-history":[{"count":1,"href":"https:\/\/vocerodelpueblo.com\/index.php?rest_route=\/wp\/v2\/posts\/672\/revisions"}],"predecessor-version":[{"id":674,"href":"https:\/\/vocerodelpueblo.com\/index.php?rest_route=\/wp\/v2\/posts\/672\/revisions\/674"}],"wp:featuredmedia":[{"embeddable":true,"href":"https:\/\/vocerodelpueblo.com\/index.php?rest_route=\/wp\/v2\/media\/673"}],"wp:attachment":[{"href":"https:\/\/vocerodelpueblo.com\/index.php?rest_route=%2Fwp%2Fv2%2Fmedia&parent=672"}],"wp:term":[{"taxonomy":"category","embeddable":true,"href":"https:\/\/vocerodelpueblo.com\/index.php?rest_route=%2Fwp%2Fv2%2Fcategories&post=672"},{"taxonomy":"post_tag","embeddable":true,"href":"https:\/\/vocerodelpueblo.com\/index.php?rest_route=%2Fwp%2Fv2%2Ftags&post=672"}],"curies":[{"name":"wp","href":"https:\/\/api.w.org\/{rel}","templated":true}]}}