{"id":6823,"date":"2021-06-30T12:04:00","date_gmt":"2021-06-30T17:04:00","guid":{"rendered":"http:\/\/vocerodelpueblo.com\/?p=6823"},"modified":"2021-07-01T00:05:31","modified_gmt":"2021-07-01T05:05:31","slug":"asamblea-de-la-uat-aprueba-acuerdos-que-fortalecen-la-normatividad-universitaria","status":"publish","type":"post","link":"https:\/\/vocerodelpueblo.com\/?p=6823","title":{"rendered":"Asamblea de la UAT aprueba acuerdos que fortalecen la normatividad universitaria"},"content":{"rendered":"\n<p>La Asamblea Universitaria, m\u00e1ximo \u00f3rgano colegiado de la Universidad Aut\u00f3noma de Tamaulipas (UAT), aprob\u00f3 nuevos acuerdos que fortalecen la normatividad acad\u00e9mica y administrativa de la m\u00e1xima casa de estudios en el estado.<\/p>\n\n\n\n<p>El Rector, Ing. Jos\u00e9 Andr\u00e9s Su\u00e1rez Fern\u00e1ndez, presidi\u00f3 la sesi\u00f3n que, con car\u00e1cter ordinario, se desarroll\u00f3 de modo presencial en el Campus Victoria y a distancia por la plataforma Microsoft Teams ante los directores y representantes de maestros y alumnos asamble\u00edstas de los 26 planteles de la UAT.<\/p>\n\n\n\n<p>La Asamblea Universitaria aprob\u00f3 la liquidaci\u00f3n del programa de Maestr\u00eda en Ciencias de la Vida, con sede en la Unidad Acad\u00e9mica Multidisciplinaria Reynosa-Aztl\u00e1n, as\u00ed como los de maestr\u00eda y especialidad en Gerencia y Gesti\u00f3n de los Servicios de Salud, con sede en el Centro de Excelencia.<\/p>\n\n\n\n<p>Los asamble\u00edstas aprobaron tambi\u00e9n las solicitudes de la Secretar\u00eda de Investigaci\u00f3n y Posgrado para que la UAT otorgue el aval acad\u00e9mico a la Secretar\u00eda de Salud de Tamaulipas, a fin de impartir en las diferentes \u00e1reas hospitalarias las Especialidades en Urgencias M\u00e9dico Quir\u00fargicas, Medicina del Enfermo Pedi\u00e1trico en Estado Cr\u00edtico, y en Traumatolog\u00eda y Ortopedia.<\/p>\n\n\n\n<p>En la sesi\u00f3n tambi\u00e9n se aprobaron aspectos relativos al funcionamiento del Consejo Ciudadano de Radio UAT, \u00f3rgano plural de consulta con facultades de opini\u00f3n y asesor\u00eda sobre las acciones, pol\u00edticas, programas y proyectos que en materia de radiodifusi\u00f3n p\u00fablica desarrolla la casa de estudios.<\/p>\n\n\n\n<p>En este contexto, y en cumplimiento de la normativa federal en materia de telecomunicaciones y radiodifusi\u00f3n, se acord\u00f3 la elecci\u00f3n de Rosa Velia Mirafuentes Espinosa en sustituci\u00f3n de un integrante del Consejo Ciudadano correspondiente a la convocatoria 2019 de Radio UAT, e igualmente se acord\u00f3 elegir como nueva integrante de ese \u00f3rgano a Isela Anah\u00ed Navarro Ortega, de la convocatoria 2021.<\/p>\n\n\n\n<p>En este mismo rengl\u00f3n, se aval\u00f3 la continuidad por cuatro a\u00f1os m\u00e1s de integrantes de la Comisi\u00f3n Dictaminadora elegida en junio de 2017, la cual tiene entre sus funciones seleccionar a los miembros del Consejo Ciudadano de Radio UAT.<\/p>\n\n\n\n<p>En otros asuntos, se dio a conocer el acuerdo emitido por el Rector para el uso de la firma electr\u00f3nica avanzada, que permitir\u00e1 agilizar y simplificar los tr\u00e1mites y documentos p\u00fablicos rubricados electr\u00f3nicamente por la Rector\u00eda y la Secretar\u00eda General, que tienen legalmente esta atribuci\u00f3n administrativa.<\/p>\n\n\n\n<p>De igual manera, y en apego al Estatuto Org\u00e1nico universitario en sus art\u00edculos 23, 24 y 25, se aprobaron las propuestas de la Asamblea para la integraci\u00f3n de la Junta Permanente, con tres miembros del personal acad\u00e9mico y tres alumnos asamble\u00edstas, que estar\u00e1n comisionados en este \u00f3rgano universitario con representatividad de cada una de las zonas geogr\u00e1ficas de la UAT, pertenecientes a los planteles ubicados en el norte, centro y sur del estado.<\/p>\n","protected":false},"excerpt":{"rendered":"<p>La Asamblea Universitaria, m\u00e1ximo \u00f3rgano colegiado de la Universidad Aut\u00f3noma de Tamaulipas (UAT), aprob\u00f3 nuevos acuerdos que fortalecen la normatividad acad\u00e9mica y administrativa de la m\u00e1xima casa de estudios en el estado. El Rector, Ing. Jos\u00e9 Andr\u00e9s Su\u00e1rez Fern\u00e1ndez, presidi\u00f3 la sesi\u00f3n que, con car\u00e1cter ordinario, se desarroll\u00f3 de modo presencial en el Campus Victoria [&hellip;]<\/p>\n","protected":false},"author":1,"featured_media":6824,"comment_status":"closed","ping_status":"open","sticky":false,"template":"","format":"standard","meta":{"footnotes":""},"categories":[14],"tags":[],"class_list":["post-6823","post","type-post","status-publish","format-standard","has-post-thumbnail","hentry","category-uat"],"_links":{"self":[{"href":"https:\/\/vocerodelpueblo.com\/index.php?rest_route=\/wp\/v2\/posts\/6823","targetHints":{"allow":["GET"]}}],"collection":[{"href":"https:\/\/vocerodelpueblo.com\/index.php?rest_route=\/wp\/v2\/posts"}],"about":[{"href":"https:\/\/vocerodelpueblo.com\/index.php?rest_route=\/wp\/v2\/types\/post"}],"author":[{"embeddable":true,"href":"https:\/\/vocerodelpueblo.com\/index.php?rest_route=\/wp\/v2\/users\/1"}],"replies":[{"embeddable":true,"href":"https:\/\/vocerodelpueblo.com\/index.php?rest_route=%2Fwp%2Fv2%2Fcomments&post=6823"}],"version-history":[{"count":1,"href":"https:\/\/vocerodelpueblo.com\/index.php?rest_route=\/wp\/v2\/posts\/6823\/revisions"}],"predecessor-version":[{"id":6825,"href":"https:\/\/vocerodelpueblo.com\/index.php?rest_route=\/wp\/v2\/posts\/6823\/revisions\/6825"}],"wp:featuredmedia":[{"embeddable":true,"href":"https:\/\/vocerodelpueblo.com\/index.php?rest_route=\/wp\/v2\/media\/6824"}],"wp:attachment":[{"href":"https:\/\/vocerodelpueblo.com\/index.php?rest_route=%2Fwp%2Fv2%2Fmedia&parent=6823"}],"wp:term":[{"taxonomy":"category","embeddable":true,"href":"https:\/\/vocerodelpueblo.com\/index.php?rest_route=%2Fwp%2Fv2%2Fcategories&post=6823"},{"taxonomy":"post_tag","embeddable":true,"href":"https:\/\/vocerodelpueblo.com\/index.php?rest_route=%2Fwp%2Fv2%2Ftags&post=6823"}],"curies":[{"name":"wp","href":"https:\/\/api.w.org\/{rel}","templated":true}]}}