{"id":71,"date":"2016-04-20T11:11:48","date_gmt":"2016-04-20T16:11:48","guid":{"rendered":"http:\/\/vocerodelpueblo.com\/?p=71"},"modified":"2016-04-21T14:54:54","modified_gmt":"2016-04-21T19:54:54","slug":"me-mueve-servir-a-tampico-magda-peraza","status":"publish","type":"post","link":"https:\/\/vocerodelpueblo.com\/?p=71","title":{"rendered":"Me Mueve Servir a Tampico: Magda Peraza"},"content":{"rendered":"<p><em><strong><img loading=\"lazy\" decoding=\"async\" class=\"alignright wp-image-74 \" src=\"https:\/\/vocerodelpueblo.com\/wp-content\/uploads\/2016\/04\/IMG_1752.jpg\" alt=\"IMG_1752\" width=\"387\" height=\"258\" srcset=\"https:\/\/vocerodelpueblo.com\/wp-content\/uploads\/2016\/04\/IMG_1752.jpg 778w, https:\/\/vocerodelpueblo.com\/wp-content\/uploads\/2016\/04\/IMG_1752-300x200.jpg 300w, https:\/\/vocerodelpueblo.com\/wp-content\/uploads\/2016\/04\/IMG_1752-768x511.jpg 768w\" sizes=\"auto, (max-width: 387px) 100vw, 387px\" \/>ESPECTACULAR ARRANQUE DE CAMPA\u00d1A.\u00a0<\/strong><\/em><\/p>\n<p>Ante una entusiasta multitud de pri\u00edstas, seguidores y pueblo en general, la maestra Magdalena Peraza Guerra arranc\u00f3 formalmente su campa\u00f1a rumbo a la alcald\u00eda porte\u00f1a por segunda ocasi\u00f3n,<\/p>\n<p>\u201cCon la bendici\u00f3n de Dios y con la bendici\u00f3n de mis padres, dijo, inicio esta \u00a0campa\u00f1a, acompa\u00f1ada por mis amigos, por Pancho Bolado y M\u00f3nica, por el delegado del CEN y CDE del PRI\u201d<\/p>\n<p>En su discurso, dijo que de llegar de nueva cuenta a la alcald\u00eda, pugnar\u00e1 por mejorar los servicios p\u00fablicos, limpieza, iluminaci\u00f3n, parques y jardines, entre otros, atendiendo los reclamos de la ciudadan\u00eda para construir un mejor Tampico.<\/p>\n<p>Agradeci\u00f3 la presencia de vecinos de las colonias populares, empleados del Municipio, maestros, choferes, obreros, mujeres y j\u00f3venes, entre otros sectores de la sociedad.<\/p>\n<p>Adelant\u00f3 que con el voto de las mayor\u00edas, se dar\u00e1 continuidad a la transformaci\u00f3n del paseo de La Cortadura, remodelaci\u00f3n de calles en el Centro Hist\u00f3rico, adem\u00e1s de la reconversi\u00f3n del puerto de carga a tur\u00edstico, para consolidar el desarrollo urbano en los pr\u00f3ximos a\u00f1os, generando con ello nuevos empleos y crecimiento econ\u00f3mico.<\/p>\n<p>Tambi\u00e9n se impulsar\u00e1 el deporte y se crear\u00e1 una direcci\u00f3n de la Juventud en el pr\u00f3ximo Ayuntamiento, entre otras propuestas enunciadas por la candidata de la coalici\u00f3n PRI, PVEM y PANAL.<\/p>\n\n\t\t<style type=\"text\/css\">\n\t\t\t#gallery-1 {\n\t\t\t\tmargin: auto;\n\t\t\t}\n\t\t\t#gallery-1 .gallery-item {\n\t\t\t\tfloat: left;\n\t\t\t\tmargin-top: 10px;\n\t\t\t\ttext-align: center;\n\t\t\t\twidth: 25%;\n\t\t\t}\n\t\t\t#gallery-1 img {\n\t\t\t\tborder: 2px solid #cfcfcf;\n\t\t\t}\n\t\t\t#gallery-1 .gallery-caption {\n\t\t\t\tmargin-left: 0;\n\t\t\t}\n\t\t\t\/* see gallery_shortcode() in wp-includes\/media.php *\/\n\t\t<\/style>\n\t\t<div id='gallery-1' class='gallery galleryid-71 gallery-columns-4 gallery-size-thumbnail'><dl class='gallery-item'>\n\t\t\t<dt class='gallery-icon landscape'>\n\t\t\t\t<a href='https:\/\/vocerodelpueblo.com\/?attachment_id=76'><img loading=\"lazy\" decoding=\"async\" width=\"150\" height=\"150\" src=\"https:\/\/vocerodelpueblo.com\/wp-content\/uploads\/2016\/04\/IMG_1713-150x150.jpg\" class=\"attachment-thumbnail size-thumbnail\" alt=\"\" srcset=\"https:\/\/vocerodelpueblo.com\/wp-content\/uploads\/2016\/04\/IMG_1713-150x150.jpg 150w, https:\/\/vocerodelpueblo.com\/wp-content\/uploads\/2016\/04\/IMG_1713-70x70.jpg 70w\" sizes=\"auto, (max-width: 150px) 100vw, 150px\" \/><\/a>\n\t\t\t<\/dt><\/dl><dl class='gallery-item'>\n\t\t\t<dt class='gallery-icon landscape'>\n\t\t\t\t<a href='https:\/\/vocerodelpueblo.com\/?attachment_id=72'><img loading=\"lazy\" decoding=\"async\" width=\"150\" height=\"150\" src=\"https:\/\/vocerodelpueblo.com\/wp-content\/uploads\/2016\/04\/IMG_1705-150x150.jpg\" class=\"attachment-thumbnail size-thumbnail\" alt=\"\" srcset=\"https:\/\/vocerodelpueblo.com\/wp-content\/uploads\/2016\/04\/IMG_1705-150x150.jpg 150w, https:\/\/vocerodelpueblo.com\/wp-content\/uploads\/2016\/04\/IMG_1705-70x70.jpg 70w\" sizes=\"auto, (max-width: 150px) 100vw, 150px\" \/><\/a>\n\t\t\t<\/dt><\/dl><dl class='gallery-item'>\n\t\t\t<dt class='gallery-icon landscape'>\n\t\t\t\t<a href='https:\/\/vocerodelpueblo.com\/?attachment_id=77'><img loading=\"lazy\" decoding=\"async\" width=\"150\" height=\"150\" src=\"https:\/\/vocerodelpueblo.com\/wp-content\/uploads\/2016\/04\/IMG_1747-150x150.jpg\" class=\"attachment-thumbnail size-thumbnail\" alt=\"\" srcset=\"https:\/\/vocerodelpueblo.com\/wp-content\/uploads\/2016\/04\/IMG_1747-150x150.jpg 150w, https:\/\/vocerodelpueblo.com\/wp-content\/uploads\/2016\/04\/IMG_1747-70x70.jpg 70w\" sizes=\"auto, (max-width: 150px) 100vw, 150px\" \/><\/a>\n\t\t\t<\/dt><\/dl>\n\t\t\t<br style='clear: both' \/>\n\t\t<\/div>\n\n<p>&nbsp;<\/p>\n","protected":false},"excerpt":{"rendered":"<p>ESPECTACULAR ARRANQUE DE CAMPA\u00d1A.\u00a0 Ante una entusiasta multitud de pri\u00edstas, seguidores y pueblo en general, la maestra Magdalena Peraza Guerra arranc\u00f3 formalmente su campa\u00f1a rumbo a la alcald\u00eda porte\u00f1a por segunda ocasi\u00f3n, \u201cCon la bendici\u00f3n de Dios y con la bendici\u00f3n de mis padres, dijo, inicio esta \u00a0campa\u00f1a, acompa\u00f1ada por mis amigos, por Pancho Bolado [&hellip;]<\/p>\n","protected":false},"author":1,"featured_media":74,"comment_status":"open","ping_status":"open","sticky":false,"template":"","format":"standard","meta":{"footnotes":""},"categories":[2,3],"tags":[],"class_list":["post-71","post","type-post","status-publish","format-standard","has-post-thumbnail","hentry","category-zonaconurbada","category-tampico"],"_links":{"self":[{"href":"https:\/\/vocerodelpueblo.com\/index.php?rest_route=\/wp\/v2\/posts\/71","targetHints":{"allow":["GET"]}}],"collection":[{"href":"https:\/\/vocerodelpueblo.com\/index.php?rest_route=\/wp\/v2\/posts"}],"about":[{"href":"https:\/\/vocerodelpueblo.com\/index.php?rest_route=\/wp\/v2\/types\/post"}],"author":[{"embeddable":true,"href":"https:\/\/vocerodelpueblo.com\/index.php?rest_route=\/wp\/v2\/users\/1"}],"replies":[{"embeddable":true,"href":"https:\/\/vocerodelpueblo.com\/index.php?rest_route=%2Fwp%2Fv2%2Fcomments&post=71"}],"version-history":[{"count":12,"href":"https:\/\/vocerodelpueblo.com\/index.php?rest_route=\/wp\/v2\/posts\/71\/revisions"}],"predecessor-version":[{"id":87,"href":"https:\/\/vocerodelpueblo.com\/index.php?rest_route=\/wp\/v2\/posts\/71\/revisions\/87"}],"wp:featuredmedia":[{"embeddable":true,"href":"https:\/\/vocerodelpueblo.com\/index.php?rest_route=\/wp\/v2\/media\/74"}],"wp:attachment":[{"href":"https:\/\/vocerodelpueblo.com\/index.php?rest_route=%2Fwp%2Fv2%2Fmedia&parent=71"}],"wp:term":[{"taxonomy":"category","embeddable":true,"href":"https:\/\/vocerodelpueblo.com\/index.php?rest_route=%2Fwp%2Fv2%2Fcategories&post=71"},{"taxonomy":"post_tag","embeddable":true,"href":"https:\/\/vocerodelpueblo.com\/index.php?rest_route=%2Fwp%2Fv2%2Ftags&post=71"}],"curies":[{"name":"wp","href":"https:\/\/api.w.org\/{rel}","templated":true}]}}