{"id":7510,"date":"2021-11-23T01:25:00","date_gmt":"2021-11-23T07:25:00","guid":{"rendered":"http:\/\/vocerodelpueblo.com\/?p=7510"},"modified":"2021-11-28T01:26:26","modified_gmt":"2021-11-28T07:26:26","slug":"palabras-del-director-general-del-infonavit-carlos-martinez-velazquez-durante-el-evento-de-presentacion-del-plan-de-atencion-integral-para-jojutla","status":"publish","type":"post","link":"https:\/\/vocerodelpueblo.com\/?p=7510","title":{"rendered":"PALABRAS DEL DIRECTOR GENERAL DEL INFONAVIT, CARLOS MART\u00cdNEZ VEL\u00c1ZQUEZ, DURANTE EL EVENTO DE PRESENTACI\u00d3N DEL PLAN DE ATENCI\u00d3N INTEGRAL PARA JOJUTLA."},"content":{"rendered":"\n<p><\/p>\n\n\n\n<p>Buenas tardes.<\/p>\n\n\n\n<p>Me da mucho gusto estar aqu\u00ed para informar que la Transformaci\u00f3n sigue avanzando en M\u00e9xico y Morelos no es la excepci\u00f3n.<\/p>\n\n\n\n<p>Las acciones que distintas dependencias del gobierno federal hemos realizado para la reconstrucci\u00f3n y transformaci\u00f3n de Jojutla responden directamente al mandato de dar prioridad a las personas m\u00e1s vulnerables y que menos tienen erradicando la corrupci\u00f3n de todos los niveles de gobierno.<\/p>\n\n\n\n<p>Saludo con afecto al titular de la Secretar\u00eda de Desarrollo Agrario, Territorial y Urbano, Rom\u00e1n Meyer Falc\u00f3n; al subsecretario de Ordenamiento Territorial y Comisionado Nacional para la Reconstrucci\u00f3n, David Cervantes Peredo; y a nuestro anfitri\u00f3n, el gobernador de Morelos, Cuauht\u00e9moc Blanco Bravo. Tambi\u00e9n saludo con afecto al alcalde de Jojutla, Juan \u00c1ngel Flores Bustamante.<\/p>\n\n\n\n<p>&#8211;\u00b0&#8211;<\/p>\n\n\n\n<p>El 19 de septiembre de 2017, un sismo de magnitud 7.1 grados en Escala de Richter, con epicentro en Axochiapan, Morelos, sacudi\u00f3 el centro de nuestro pa\u00eds: la Ciudad de M\u00e9xico, Puebla, Estado de M\u00e9xico, Tlaxcala y Morelos fueron de las entidades m\u00e1s afectadas, con la ca\u00edda de diversas construcciones, personas heridas y lamentablemente, decenas de fallecidos.<\/p>\n\n\n\n<p>En el estado de Morelos, Jojutla fue uno de los poblados m\u00e1s afectados, al ubicarse a 69 kil\u00f3metros del epicentro.<\/p>\n\n\n\n<p>Ante los da\u00f1os causados por el terremoto, el Consejo de Administraci\u00f3n del Infonavit autoriz\u00f3 recursos por 200 millones de pesos, para realizar obras de equipamiento y espacio p\u00fablico en la localidad, en apoyo a las zonas afectadas.<\/p>\n\n\n\n<p>Con estos fondos, el Infonavit trabaj\u00f3 en importantes obras como la recuperaci\u00f3n de la Capilla de la Santa Cruz, el Centro de Desarrollo Comunitario de la Rancher\u00eda \u201cEl Higuer\u00f3n\u201d, la Escuela Primaria Emiliano Zapata, la Iglesia del Se\u00f1or de Tula, la rehabilitaci\u00f3n de infraestructura de la Unidad Habitacional \u201cEl Higuer\u00f3n\u201d, el Z\u00f3calo y la Alameda.<\/p>\n\n\n\n<p>La decisi\u00f3n de concentrar aqu\u00ed los primeros esfuerzos tuvo que ver con las \u00e1reas de ayuda que a\u00fan no estaban cubiertas. Sedatu ten\u00eda un plan para apoyar a todas las viviendas; diferentes fundaciones hab\u00edan cerrado convenios para reconstruir las escuelas, todas las estructuras hist\u00f3ricas ten\u00edan que llevar el proceso del Instituto Nacional de Antropolog\u00eda e Historia (INAH). Las obras que se construyeron por parte de Infonavit fueron aquellas que no ten\u00edan ya un proceso de reconstrucci\u00f3n asignado.&nbsp;&nbsp;&nbsp;&nbsp;<\/p>\n\n\n\n<p>Adicionalmente, el Instituto instal\u00f3 un taller de reconstrucci\u00f3n en el centro de Jojutla, en el que las familias pod\u00edan fabricar muebles, pedir asesor\u00eda en construcci\u00f3n, plomer\u00eda y electricidad, y pedir herramientas prestadas. Por alrededor de dos a\u00f1os se construyeron muebles para m\u00e1s de 300 familias y se le dio asesor\u00eda y apoyo t\u00e9cnico a m\u00e1s de 120 familias.<\/p>\n\n\n\n<p>A partir de 2020, con los recursos remanentes del presupuesto autorizado en 2017 y sus rendimientos financieros, sumando donativos adicionales por parte del personal del Infonavit, destinamos 33 millones de pesos adicionales para la construcci\u00f3n de viviendas.<\/p>\n\n\n\n<p>A la fecha, el Instituto ha beneficiado a m\u00e1s de 60 familias que cumplieron con los requisitos: haber perdido una vivienda de su propiedad en el sismo y tener leg\u00edtima posesi\u00f3n de un terreno donde se pudiera construir la nueva casa. Con los ahorros logrados en el proyecto ser\u00e1 posible construir dos viviendas m\u00e1s.<\/p>\n\n\n\n<p>Los beneficiarios deb\u00edan asegurar que la casa que se construya ser\u00e1 su residencia primaria y que no est\u00e1n en la lista de beneficiarios del programa de reconstrucci\u00f3n de la Comisi\u00f3n Nacional de Vivienda (Conavi).<\/p>\n\n\n\n<p>Las acciones de Infonavit se suman a las importantes obras realizadas por otras dependencias del Gobierno Federal, como las de mejoramiento urbano desarrolladas Sedatu y las m\u00e1s de 3 mil acciones de vivienda llevadas a cabo por la Conavi.<\/p>\n\n\n\n<p>A cuatro a\u00f1os del terremoto, la Transformaci\u00f3n se consolida en Morelos. As\u00ed que ya saben. Pronto ser\u00e1 momento de preguntarnos si queremos m\u00e1s transformaci\u00f3n y m\u00e1s apoyos para la clase trabajadora: si queremos que siga la transformaci\u00f3n de M\u00e9xico y de las instituciones que deben estar al servicio del pueblo, o si queremos que regrese el r\u00e9gimen de corrupci\u00f3n y privilegios que tanto da\u00f1o le hizo a los primeros meses de la reconstrucci\u00f3n de Jojutla.<\/p>\n\n\n\n<p>En Infonavit tenemos muy claro nuestro mandato: primero los pobres, no robar y no traicionar al pueblo. No fallaremos.<\/p>\n\n\n\n<p>Muchas gracias.<\/p>\n","protected":false},"excerpt":{"rendered":"<p>Buenas tardes. Me da mucho gusto estar aqu\u00ed para informar que la Transformaci\u00f3n sigue avanzando en M\u00e9xico y Morelos no es la excepci\u00f3n. Las acciones que distintas dependencias del gobierno federal hemos realizado para la reconstrucci\u00f3n y transformaci\u00f3n de Jojutla responden directamente al mandato de dar prioridad a las personas m\u00e1s vulnerables y que menos [&hellip;]<\/p>\n","protected":false},"author":1,"featured_media":5656,"comment_status":"closed","ping_status":"open","sticky":false,"template":"","format":"standard","meta":{"footnotes":""},"categories":[12],"tags":[],"class_list":["post-7510","post","type-post","status-publish","format-standard","has-post-thumbnail","hentry","category-nacionales"],"_links":{"self":[{"href":"https:\/\/vocerodelpueblo.com\/index.php?rest_route=\/wp\/v2\/posts\/7510","targetHints":{"allow":["GET"]}}],"collection":[{"href":"https:\/\/vocerodelpueblo.com\/index.php?rest_route=\/wp\/v2\/posts"}],"about":[{"href":"https:\/\/vocerodelpueblo.com\/index.php?rest_route=\/wp\/v2\/types\/post"}],"author":[{"embeddable":true,"href":"https:\/\/vocerodelpueblo.com\/index.php?rest_route=\/wp\/v2\/users\/1"}],"replies":[{"embeddable":true,"href":"https:\/\/vocerodelpueblo.com\/index.php?rest_route=%2Fwp%2Fv2%2Fcomments&post=7510"}],"version-history":[{"count":1,"href":"https:\/\/vocerodelpueblo.com\/index.php?rest_route=\/wp\/v2\/posts\/7510\/revisions"}],"predecessor-version":[{"id":7511,"href":"https:\/\/vocerodelpueblo.com\/index.php?rest_route=\/wp\/v2\/posts\/7510\/revisions\/7511"}],"wp:featuredmedia":[{"embeddable":true,"href":"https:\/\/vocerodelpueblo.com\/index.php?rest_route=\/wp\/v2\/media\/5656"}],"wp:attachment":[{"href":"https:\/\/vocerodelpueblo.com\/index.php?rest_route=%2Fwp%2Fv2%2Fmedia&parent=7510"}],"wp:term":[{"taxonomy":"category","embeddable":true,"href":"https:\/\/vocerodelpueblo.com\/index.php?rest_route=%2Fwp%2Fv2%2Fcategories&post=7510"},{"taxonomy":"post_tag","embeddable":true,"href":"https:\/\/vocerodelpueblo.com\/index.php?rest_route=%2Fwp%2Fv2%2Ftags&post=7510"}],"curies":[{"name":"wp","href":"https:\/\/api.w.org\/{rel}","templated":true}]}}