{"id":8484,"date":"2022-08-05T02:38:00","date_gmt":"2022-08-05T07:38:00","guid":{"rendered":"http:\/\/vocerodelpueblo.com\/?p=8484"},"modified":"2022-08-07T02:40:05","modified_gmt":"2022-08-07T07:40:05","slug":"gabriel-morelos-inaugura-calle-juana-de-arco-de-san-pedro","status":"publish","type":"post","link":"https:\/\/vocerodelpueblo.com\/?p=8484","title":{"rendered":"GABRIEL MORELOS INAUGURA CALLE JUANA DE ARCO, DE SAN PEDRO."},"content":{"rendered":"\n<p><\/p>\n\n\n\n<p>Chinampa de Gorostiza, Ver. a 2 de agosto del 2022.- El d\u00eda de hoy el Presidente Municipal, se di\u00f3 a la tarea de inaugurar otra obra m\u00e1s, acompa\u00f1ado de su esposa la Presidenta del Sistema Dif Mpal. la C. Tomasa Mendoza Del \u00c1ngel, la S\u00edndico C. Guadalupe T\u00e1pia Sosa, la Regidora Lic. Rosalinda G\u00f3mez D\u00edaz, el Tesorero Mpal. C. \u00c1ngel P\u00e9rez Ram\u00edrez, el Secretario del Ayto. Lic. Santos Ezequiel Betancourt Ces\u00e1reo, el Director de Obras P\u00fablicas Arq. Abel Ram\u00edrez Mendoza y el Contralor Lic. Miguel Cruz P\u00e9rez.<\/p>\n\n\n\n<p>Se construyeron 1029.00m2 de pavimento mixto con un costo de $1,194, 632.45 pesos, es as\u00ed como la administraci\u00f3n de Presidente Municipal, concluye otra obra para la sociedad del municipio de Chinampa.<\/p>\n\n\n\n<p>En su mensaje el Presidente dijo sentirse agradecido por haber formado un excelente equipo de trabajo que da resultados prontos, as\u00ed tambi\u00e9n agradeci\u00f3 a los colonos que estuvieron al pendiente de la obra y dieron cuenta que se utiliz\u00f3 el 100% del material en la misma, para el contento de todos.<\/p>\n\n\n\n<div class=\"wp-block-image\"><figure class=\"aligncenter size-large\"><img loading=\"lazy\" decoding=\"async\" width=\"728\" height=\"410\" src=\"https:\/\/vocerodelpueblo.com\/wp-content\/uploads\/2022\/08\/WhatsApp-Image-2022-08-03-at-6.51.54-AM-728x410.jpeg\" alt=\"\" class=\"wp-image-8486\" srcset=\"https:\/\/vocerodelpueblo.com\/wp-content\/uploads\/2022\/08\/WhatsApp-Image-2022-08-03-at-6.51.54-AM-728x410.jpeg 728w, https:\/\/vocerodelpueblo.com\/wp-content\/uploads\/2022\/08\/WhatsApp-Image-2022-08-03-at-6.51.54-AM-350x197.jpeg 350w, https:\/\/vocerodelpueblo.com\/wp-content\/uploads\/2022\/08\/WhatsApp-Image-2022-08-03-at-6.51.54-AM.jpeg 800w\" sizes=\"auto, (max-width: 728px) 100vw, 728px\" \/><\/figure><\/div>\n","protected":false},"excerpt":{"rendered":"<p>Chinampa de Gorostiza, Ver. a 2 de agosto del 2022.- El d\u00eda de hoy el Presidente Municipal, se di\u00f3 a la tarea de inaugurar otra obra m\u00e1s, acompa\u00f1ado de su esposa la Presidenta del Sistema Dif Mpal. la C. Tomasa Mendoza Del \u00c1ngel, la S\u00edndico C. Guadalupe T\u00e1pia Sosa, la Regidora Lic. Rosalinda G\u00f3mez D\u00edaz, [&hellip;]<\/p>\n","protected":false},"author":1,"featured_media":8485,"comment_status":"closed","ping_status":"open","sticky":false,"template":"","format":"standard","meta":{"footnotes":""},"categories":[6,10],"tags":[],"class_list":["post-8484","post","type-post","status-publish","format-standard","has-post-thumbnail","hentry","category-norte-de-veracruz","category-veracruz"],"_links":{"self":[{"href":"https:\/\/vocerodelpueblo.com\/index.php?rest_route=\/wp\/v2\/posts\/8484","targetHints":{"allow":["GET"]}}],"collection":[{"href":"https:\/\/vocerodelpueblo.com\/index.php?rest_route=\/wp\/v2\/posts"}],"about":[{"href":"https:\/\/vocerodelpueblo.com\/index.php?rest_route=\/wp\/v2\/types\/post"}],"author":[{"embeddable":true,"href":"https:\/\/vocerodelpueblo.com\/index.php?rest_route=\/wp\/v2\/users\/1"}],"replies":[{"embeddable":true,"href":"https:\/\/vocerodelpueblo.com\/index.php?rest_route=%2Fwp%2Fv2%2Fcomments&post=8484"}],"version-history":[{"count":1,"href":"https:\/\/vocerodelpueblo.com\/index.php?rest_route=\/wp\/v2\/posts\/8484\/revisions"}],"predecessor-version":[{"id":8487,"href":"https:\/\/vocerodelpueblo.com\/index.php?rest_route=\/wp\/v2\/posts\/8484\/revisions\/8487"}],"wp:featuredmedia":[{"embeddable":true,"href":"https:\/\/vocerodelpueblo.com\/index.php?rest_route=\/wp\/v2\/media\/8485"}],"wp:attachment":[{"href":"https:\/\/vocerodelpueblo.com\/index.php?rest_route=%2Fwp%2Fv2%2Fmedia&parent=8484"}],"wp:term":[{"taxonomy":"category","embeddable":true,"href":"https:\/\/vocerodelpueblo.com\/index.php?rest_route=%2Fwp%2Fv2%2Fcategories&post=8484"},{"taxonomy":"post_tag","embeddable":true,"href":"https:\/\/vocerodelpueblo.com\/index.php?rest_route=%2Fwp%2Fv2%2Ftags&post=8484"}],"curies":[{"name":"wp","href":"https:\/\/api.w.org\/{rel}","templated":true}]}}